{"id":9616,"date":"2017-09-12T01:37:09","date_gmt":"2017-09-11T23:37:09","guid":{"rendered":"http:\/\/www.moravecteam.cz\/?p=9616"},"modified":"2017-09-12T18:59:46","modified_gmt":"2017-09-12T16:59:46","slug":"nadech-k-finisi","status":"publish","type":"post","link":"https:\/\/www.moravecteam.cz\/?p=9616","title":{"rendered":"N\u00e1dech k fini\u0161i!"},"content":{"rendered":"<p style=\"text-align: justify;\"><span style=\"color: #800000;\"><strong>Leto\u0161n\u00ed MTB &#8222;Vrchovina&#8220;, kter\u00e1 je od sv\u00e9ho samotn\u00e9ho vzniku jednou z nosn\u00fdch sez\u00f3nn\u00edch n\u00e1pln\u00ed bikersk\u00fdch aktivit MORAVEC Teamu,\u00a0 sm\u011b\u0159uje nezadr\u017eiteln\u011b ke sv\u00e9mu c\u00edli. Velenovsk\u00fd z\u00e1vod v sobotu odkrojil prvn\u00ed t\u0159etinu z jeho posledn\u00ed p\u011btiny (neznal\u00ed celkov\u00e9ho po\u010dtu z\u00e1vod\u016f, jsou-li tro\u0161ku zdatn\u011bj\u0161\u00edmi po\u010dt\u00e1\u0159i, si m\u016f\u017eou snadno ov\u011b\u0159it, kolik \u017ee\u00a0celkem d\u00edl\u016f letos kultovn\u00ed region\u00e1ln\u00ed bikov\u00fd seri\u00e1l m\u011bl) a my jsme byli zv\u011bdavi, jak\u00a0na tom na\u0161i\u00a0z\u00e1vo\u010f\u00e1ci, v c\u00edlov\u00e9 rovince t\u00e9to presti\u017en\u00ed s\u00e9rie, vlastn\u011b jsou\u00a0 a zda u\u017e vst\u0159ebali do sv\u00e9ho svalstva n\u00e1ro\u010dn\u00e9 Novom\u011bstsk\u00e9 soust\u0159ed\u011bn\u00ed z p\u0159edminul\u00e9ho t\u00fddne? T\u011b\u0161\u00ed n\u00e1s, \u017ee odpov\u011bdi na ob\u011b vznesen\u00e9 ot\u00e1zky jsou v podstat\u011b pozitivn\u00ed, d\u016fkazem je toho zisk sedmn\u00e1cti (!) medail\u00ed&#8230;<\/strong><\/span><\/p>\n<figure id=\"attachment_9626\" aria-describedby=\"caption-attachment-9626\" style=\"width: 758px\" class=\"wp-caption alignnone\"><a href=\"http:\/\/www.moravecteam.cz\/?attachment_id=9626\" rel=\"attachment wp-att-9626\"><img decoding=\"async\" loading=\"lazy\" class=\" wp-image-9626\" alt=\"IMG_1024\" src=\"http:\/\/www.moravecteam.cz\/wp-content\/uploads\/2017\/09\/IMG_1024.jpg\" width=\"758\" height=\"987\" srcset=\"https:\/\/www.moravecteam.cz\/wp-content\/uploads\/2017\/09\/IMG_1024.jpg 758w, https:\/\/www.moravecteam.cz\/wp-content\/uploads\/2017\/09\/IMG_1024-230x300.jpg 230w\" sizes=\"(max-width: 758px) 100vw, 758px\" \/><\/a><figcaption id=\"caption-attachment-9626\" class=\"wp-caption-text\">Pamatujete kdo v tomto \u00fatl\u00e9m v\u011bku m\u011bl za ka\u017ed\u00fdch okolnost\u00ed podobn\u00fd slun\u00ed\u010dkov\u00fd \u00fasm\u011bv, jako m\u00e1 Leonka Eclerov\u00e1?<\/figcaption><\/figure>\n<p style=\"text-align: justify;\">Nen\u00ed p\u0159\u00edli\u0161 obvykl\u00e9, \u017ee n\u00e1m to cink\u00e1 hned v prvn\u00edm startu odr\u00e1\u017eedel chlapc\u016f. Velenov byl v tomto smyslu jin\u00fd, d\u00edky z\u00e1vod od z\u00e1vodu se lep\u0161\u00edc\u00edmu <strong><span style=\"color: #800000;\">Ton\u00edkovi Han\u00e1kovi<\/span><\/strong>! Pravda, ke st\u0159\u00edbru se proodr\u00e1\u017eel s trochou \u0161t\u011bst\u00ed, to ale &#8211; jak v\u00edme &#8211; p\u0159eje v\u017edy v\u00edce t\u011bm p\u0159ipraven\u00fdm! A kdy\u017e v n\u00e1sledn\u00e9m startu d\u011bv\u010dat na stejn\u00e9m typu z\u00e1vodn\u00ed techniky dosvi\u0161t\u011bla pro zlato <strong><span style=\"color: #800000;\">Leonka Eclerov\u00e1<\/span><\/strong>, bylo n\u00e1m jasn\u00e9, \u017ee Velenov se medailov\u00fdm ziskem bude asi \u0159adit k t\u011bm nadpr\u016fm\u011brn\u00fdm &#8222;Vrchovinov\u00fdm \u0161tac\u00edm&#8220;&#8230; A taky \u017ee jo: dal\u0161\u00ed start d\u00edvek do 6 let a dal\u0161\u00ed dv\u011b medaile pro MORAVEC Team! <strong><span style=\"color: #800000;\">Zitu\u0161ka \u017dern\u00ed\u010dkov\u00e1<\/span><\/strong> si po kr\u00e1sn\u00e9m a vyrovnan\u00e9m souboji s <span style=\"color: #800000;\"><strong>Verunkou \u0160af\u00e1\u0159ovou<\/strong><\/span>\u00a0(Nutrend Specialized) vyjela zlato, ob\u011bma d\u011bv\u010dat\u016fm se v\u00fdkonem hodn\u011b vyrovnala i v c\u00edli t\u0159et\u00ed &#8211; dal\u0161\u00ed z na\u0161ich borek &#8211; <strong><span style=\"color: #800000;\">Ad\u00e9lka V\u011brn\u00e1<\/span><\/strong>!<\/p>\n<figure id=\"attachment_9636\" aria-describedby=\"caption-attachment-9636\" style=\"width: 489px\" class=\"wp-caption alignnone\"><a href=\"http:\/\/www.moravecteam.cz\/?attachment_id=9636\" rel=\"attachment wp-att-9636\"><img decoding=\"async\" loading=\"lazy\" class=\" wp-image-9636\" alt=\"IMG_1101\" src=\"http:\/\/www.moravecteam.cz\/wp-content\/uploads\/2017\/09\/IMG_1101.jpg\" width=\"489\" height=\"613\" srcset=\"https:\/\/www.moravecteam.cz\/wp-content\/uploads\/2017\/09\/IMG_1101.jpg 489w, https:\/\/www.moravecteam.cz\/wp-content\/uploads\/2017\/09\/IMG_1101-239x300.jpg 239w\" sizes=\"(max-width: 489px) 100vw, 489px\" \/><\/a><figcaption id=\"caption-attachment-9636\" class=\"wp-caption-text\">Dosud nejlep\u0161\u00edho v\u00fdsledku dos\u00e1hl na MTB &#8222;Vrchovin\u011b&#8220; ve Velenov\u011b druh\u00fd v odr\u00e1\u017eedlech &#8211; Ton\u00edk Han\u00e1k!<\/figcaption><\/figure>\n<p style=\"text-align: justify;\">&#8222;Medilov\u00fd oddych&#8220; pro n\u00e1s sice nastal v kategorii stejn\u011b star\u00fdch chlapc\u016f, netrval v\u0161ak\u00a0 dlouho&#8230; Proto\u017ee dal\u0161\u00ed medailov\u00e1 pecka pro n\u00e1s\u00a0ude\u0159ila v r\u00e1mci startu d\u00edvek 7-8 let a d\u00edky <strong><span style=\"color: #800000;\">Just\u00fdnce Novotn\u00e9<\/span> <\/strong>a <span style=\"color: #800000;\"><strong>Magdalence Barto\u0161ov\u00e9<\/strong> <\/span>z toho byla dal\u0161\u00ed zlat\u00e1 a bronzov\u00e1 &#8222;placka&#8220;! Za d\u011bv\u010daty necht\u011bli evidentn\u011b z\u016fstat o nic pozadu ani kluci a v posledn\u00edm startu p\u0159ed prvn\u00edm slavnostn\u00edm ceremoni\u00e1lem se bl\u00fdskl ziskem st\u0159\u00edbra mezi chlapci 7-8 let po rvav\u00e9m v\u00fdkonu <strong><span style=\"color: #800000;\">Jirka Zav\u0159el<\/span><\/strong>! Ocen\u011bn\u00ed\u00a0z rukou sen\u00e1torky \u010cR Mirky V\u00edtkov\u00e9, kter\u00e1\u00a0tradi\u010dn\u011b\u00a0s ceremoni\u00e1lem\u00a0\u00a0po\u0159adatel\u016fm \u00a0vydatn\u011b pomohla, t\u011b\u0161ilo sedmi\u010dku na\u0161ich mlad\u00fdch\u00a0dopoledn\u00edch medailist\u016f ur\u010dit\u011b dvojn\u00e1sob! V r\u00e1mci prvn\u00edho bloku start\u016f se ale \u010dinili i ostatn\u00ed na\u0161i: nepopul\u00e1rn\u00ed &#8222;brambory&#8220; si z Velenova vezou <span style=\"color: #800000;\"><strong>Ja\u0148ula Maru\u0161ka Lipensk\u00e1<\/strong><\/span> (do 6 let) \u00a0s <strong><span style=\"color: #800000;\">Luckou Gottwaldovou<\/span> <\/strong>(7-8 let), p\u00e1t\u00e9 m\u00edsto v odr\u00e1\u017eedlech &#8222;ur\u010do&#8220; slu\u0161\u00ed <strong><span style=\"color: #800000;\">Jon\u00e1\u0161ku Janovsk\u00e9mu<\/span> <\/strong>a nav\u00edc, v d\u00edvk\u00e1ch do 6-ti let dojela na \u0161est\u00e9m m\u00edst\u011b v\u00edt\u011bzka odr\u00e1\u017eedel, <strong><span style=\"color: #800000;\">Leonka Eclerov\u00e1<\/span><\/strong>! Bravo MORVEC! Jako by si na\u0161i el\u00e9vov\u00e9 vzali k srdci state\u010dn\u00fd, st\u0159\u00edbrn\u00fd medailov\u00fd v\u00fdkon <strong><span style=\"color: #800000;\">Jardy Kulhav\u00e9ho<\/span> <\/strong>z t\u011b\u017ek\u00e9ho \u00a0z\u00e1vodu MTB Mistrovstv\u00ed sv\u011bta v dalek\u00e9 Austr\u00e1lii, kter\u00fd se konal s Velenovem prakticky soub\u011b\u017en\u011b..<\/p>\n<figure id=\"attachment_9637\" aria-describedby=\"caption-attachment-9637\" style=\"width: 810px\" class=\"wp-caption alignnone\"><a href=\"http:\/\/www.moravecteam.cz\/?attachment_id=9637\" rel=\"attachment wp-att-9637\"><img decoding=\"async\" loading=\"lazy\" class=\" wp-image-9637\" alt=\"IMG_1108\" src=\"http:\/\/www.moravecteam.cz\/wp-content\/uploads\/2017\/09\/IMG_1108.jpg\" width=\"810\" height=\"841\" srcset=\"https:\/\/www.moravecteam.cz\/wp-content\/uploads\/2017\/09\/IMG_1108.jpg 810w, https:\/\/www.moravecteam.cz\/wp-content\/uploads\/2017\/09\/IMG_1108-25x25.jpg 25w, https:\/\/www.moravecteam.cz\/wp-content\/uploads\/2017\/09\/IMG_1108-288x300.jpg 288w\" sizes=\"(max-width: 810px) 100vw, 810px\" \/><\/a><figcaption id=\"caption-attachment-9637\" class=\"wp-caption-text\">Koncert na\u0161ich barev v z\u00e1vod\u011b d\u00edvek ml\u00e1d\u00ed do 6 let: zlato Zita \u017dern\u00ed\u010dkov\u00e1, st\u0159\u00edbro Veronika \u0160af\u00e1\u0159ov\u00e1, bronz Ad\u00e9la V\u011brn\u00e1!<\/figcaption><\/figure>\n<p style=\"text-align: justify;\">Namlsan\u00ed\u00a0dopoledn\u00edmi medailov\u00fdm hody jsme s nad\u011bjemi vyhl\u00ed\u017eeli i start d\u011bv\u010dat kategorie \u00a09-10 let s v\u00edrou, \u017ee \u00a0&#8222;\u010dty\u0159blok&#8220; na\u0161ich &#8211; <strong><span style=\"color: #800000;\">Ani\u010dka Han\u00e1kov\u00e1, Am\u00e1lka Gottwaldov\u00e1, Bar\u010da Tlamkov\u00e1<\/span><\/strong> a <strong><span style=\"color: #800000;\">Ad\u00e9lka Zav\u0159elov\u00e1<\/span><\/strong> udolaj\u00ed otrokovickou Ani\u010dku Hude\u010dkovou. I kdy\u017e se tak nakonec nestalo a z\u00e1vodnice TUFA CZ Otrokovice slavila po brilantn\u011b zvl\u00e1dnut\u00e9 &#8222;race&#8220; zaslou\u017een\u00e9 prvenstv\u00ed, st\u0159\u00edbro na\u0161\u00ed Ani\u010dky a bronz na\u0161\u00ed Am\u00e1lky, ur\u010dit\u011b svou cenu m\u00e1! T\u00edm v\u011bt\u0161\u00ed, kdy\u017e byl umocn\u011bn &#8222;bramborou&#8220; Bar\u010di Tlamkov\u00e9 a p\u00e1t\u00fdm &#8222;fl\u00ed\u010dkem&#8220; Adys Zav\u0159elov\u00e9&#8230;<\/p>\n<figure id=\"attachment_9628\" aria-describedby=\"caption-attachment-9628\" style=\"width: 1610px\" class=\"wp-caption alignnone\"><a href=\"http:\/\/www.moravecteam.cz\/?attachment_id=9628\" rel=\"attachment wp-att-9628\"><img decoding=\"async\" loading=\"lazy\" class=\" wp-image-9628\" alt=\"IMG_1086\" src=\"http:\/\/www.moravecteam.cz\/wp-content\/uploads\/2017\/09\/IMG_1086.jpg\" width=\"1610\" height=\"821\" srcset=\"https:\/\/www.moravecteam.cz\/wp-content\/uploads\/2017\/09\/IMG_1086.jpg 1610w, https:\/\/www.moravecteam.cz\/wp-content\/uploads\/2017\/09\/IMG_1086-300x152.jpg 300w, https:\/\/www.moravecteam.cz\/wp-content\/uploads\/2017\/09\/IMG_1086-1024x522.jpg 1024w\" sizes=\"(max-width: 1610px) 100vw, 1610px\" \/><\/a><figcaption id=\"caption-attachment-9628\" class=\"wp-caption-text\">Jak to dopadne dnes? Za necel\u00fdch p\u011bt minut bylo v z\u00e1vod\u011b d\u00edvek 7-8 let jasno: I ve Velenov\u011b porazila Just\u00fdna Novotn\u00e1 \u017danetu Kupskou!<\/figcaption><\/figure>\n<p style=\"text-align: justify;\">Ve stejn\u011b mlad\u00fdch chlapc\u00edch se se soupe\u0159i op\u011bt velmi zdatn\u011b utkal v c\u00edli \u0161est\u00fd prvoro\u010d\u00e1k v t\u00e9to kategorii , <strong><span style=\"color: #800000;\">Matou\u0161 Lipensk\u00fd<\/span><\/strong>, kter\u00fd byl i ve Velenov\u011b nejlep\u0161\u00edm borcem ze sv\u00e9ho ro\u010dn\u00edku. Mezi \u010dty\u0159mi mlad\u0161\u00edmi \u017e\u00e1kyn\u011bmi nem\u011bla na\u0161e <strong><span style=\"color: #800000;\">Eli\u0161ka Han\u00e1kov\u00e1<\/span> <\/strong>op\u011bt soupe\u0159ku a\u00a0dosa\u017een\u00fdm \u010dasem se\u00a0hodn\u011b p\u0159ibl\u00ed\u017eila nejrychlej\u0161\u00edm stejn\u011b star\u00fdm chlapc\u016fm. \u00a0Mezi nimi byl z na\u0161ich v zaj\u00edmav\u00e9m, dramatick\u00e9m z\u00e1vod\u011b nejrychlej\u0161\u00ed tentokr\u00e1t <strong><span style=\"color: #800000;\">V\u00edtek Lipensk\u00fd<\/span><\/strong>, kter\u00fd nesta\u010dil pouze na dvojici v\u00fdborn\u00fdch z\u00e1vodn\u00edk\u016f z TUFO CZ Otrokovice. Pro &#8222;bramboru&#8220; pak\u00a0za\u00a0 V\u00ed\u0165ou dospurtoval l\u00eddr celkov\u00e9ho po\u0159ad\u00ed t\u00e9to kategorie, dal\u0161\u00ed ze \u0161ikovn\u00fdch MORAVC\u016e &#8211; <strong><span style=\"color: #800000;\">Roman \u0160indel\u00e1\u0159<\/span><\/strong>.<\/p>\n<figure id=\"attachment_9631\" aria-describedby=\"caption-attachment-9631\" style=\"width: 785px\" class=\"wp-caption alignnone\"><a href=\"http:\/\/www.moravecteam.cz\/?attachment_id=9631\" rel=\"attachment wp-att-9631\"><img decoding=\"async\" loading=\"lazy\" class=\" wp-image-9631\" alt=\"IMG_1227\" src=\"http:\/\/www.moravecteam.cz\/wp-content\/uploads\/2017\/09\/IMG_1227.jpg\" width=\"785\" height=\"906\" srcset=\"https:\/\/www.moravecteam.cz\/wp-content\/uploads\/2017\/09\/IMG_1227.jpg 785w, https:\/\/www.moravecteam.cz\/wp-content\/uploads\/2017\/09\/IMG_1227-259x300.jpg 259w\" sizes=\"(max-width: 785px) 100vw, 785px\" \/><\/a><figcaption id=\"caption-attachment-9631\" class=\"wp-caption-text\">Letos po p\u00e1t\u00e9 se radoval V\u00ed\u0165a Lipensk\u00fd z bronzu, kdy\u017e nesta\u010dil pouze na v\u00fdborn\u00e9 dva borce z Otrokovic.<\/figcaption><\/figure>\n<p style=\"text-align: justify;\">I starty star\u0161\u00edch \u017e\u00e1k\u016f a \u017e\u00e1ky\u0148 nepostr\u00e1dali nap\u011bt\u00ed. N\u00e1m ud\u011blala op\u011bt radost p\u0159edev\u0161\u00edm <strong><span style=\"color: #800000;\">Krist\u00fdna Kol\u00e1\u0159ov\u00e1<\/span><\/strong>, suver\u00e9nn\u00ed v\u00edt\u011bzka mezi d\u00edvkami, kde i \u010dtvrt\u00e9 a p\u00e1t\u00e9 m\u00edsto\u00a0brala na\u0161e d\u011bv\u010data: boskovick\u00e9 <strong><span style=\"color: #800000;\">Kl\u00e1ra Odehnlov\u00e1<\/span> <\/strong>s <span style=\"color: #800000;\"><strong>Ad\u00e9lou Kubinovou<\/strong><\/span>. Prost\u0159edn\u00ed blok start\u016f vyvrcholil z\u00e1vodem p\u011bti t\u0159\u00ed\u010dlenn\u00fdch \u0161tafet a\u00a0k na\u0161\u00ed velk\u00e9 radosti se v leto\u0161n\u00edm posledn\u00edm z\u00e1vod\u011b\u00a0tohoto typu v r\u00e1mci MTB &#8222;Vrchoviny&#8220; prosadilo na &#8222;bednu&#8220; i trio MORAVEC Teamu. Sestava\u00a0<strong><span style=\"color: #800000;\">Bar\u010da Tlamkov\u00e1<\/span><\/strong>, <span style=\"color: #800000;\"><strong>Vlast\u00edk Odehnal a Kuba Tesa\u0159<\/strong> <\/span>nest\u00edhali pouze \u0161tafetu Drahansk\u00e9ho Sportteamu (zlato) a kombinovan\u00e9 uskupen\u00ed TUFA CZ Otrokovice\u00a0s MG Bike Teamem. Z uveden\u00e9ho je jasn\u00e9, \u017ee v\u00edt\u011bzn\u00e1 gl\u00f3ria skupiny QUEEN n\u00e1m i v poledn\u00edm slavnostn\u00ed ceremoni\u00e1lu zn\u011bla mockr\u00e1t a velice lahodn\u011b..!<\/p>\n<figure id=\"attachment_9632\" aria-describedby=\"caption-attachment-9632\" style=\"width: 1106px\" class=\"wp-caption alignnone\"><a href=\"http:\/\/www.moravecteam.cz\/?attachment_id=9632\" rel=\"attachment wp-att-9632\"><img decoding=\"async\" loading=\"lazy\" class=\" wp-image-9632\" alt=\"IMG_1239\" src=\"http:\/\/www.moravecteam.cz\/wp-content\/uploads\/2017\/09\/IMG_1239.jpg\" width=\"1106\" height=\"888\" srcset=\"https:\/\/www.moravecteam.cz\/wp-content\/uploads\/2017\/09\/IMG_1239.jpg 1106w, https:\/\/www.moravecteam.cz\/wp-content\/uploads\/2017\/09\/IMG_1239-300x240.jpg 300w, https:\/\/www.moravecteam.cz\/wp-content\/uploads\/2017\/09\/IMG_1239-1024x822.jpg 1024w\" sizes=\"(max-width: 1106px) 100vw, 1106px\" \/><\/a><figcaption id=\"caption-attachment-9632\" class=\"wp-caption-text\">Posledn\u00ed leto\u0161n\u00ed z\u00e1vod \u0161tafet n\u00e1m p\u0159inesl cenn\u00fd bronz. Z\u00e1vod rozjela na medaili Bar\u010da Tlamkov\u00e1, spr\u00e1vn\u00fdm sm\u011brem v\u0161e poposunul Vlast\u00edk Odehnal a fini\u0161man Jakub Tesa\u0159l bronzov\u00e9 d\u00edlo dokonal!<\/figcaption><\/figure>\n<p style=\"text-align: justify;\">Ani\u00a0z\u00e1v\u011bre\u010dn\u00e9, popoledn\u00ed starty nebyl pro n\u00e1s medailov\u011b nikterak chud\u00e9&#8230; Tradi\u010dn\u011b se m\u016f\u017eeme spolehnout na na\u0161e &#8222;Mastry&#8220; a ve Velenov\u011b tomu nebylo jinak. Jak <strong><span style=\"color: #800000;\">Vlast\u00edk Odehnal<\/span><\/strong> (Masters III), tak i <strong><span style=\"color: #800000;\">Martin Gottwald<\/span><\/strong> (Masters II) si s velkou p\u0159evahou p\u0159ijeli pro zaslou\u017een\u00e1 prvenstv\u00ed! Z\u00e1vod &#8222;na bednu&#8220; m\u011bl rozjet\u00fd i \u010fal\u0161\u00ed n\u00e1\u0161 &#8222;Mastr&#8220;, <strong><span style=\"color: #800000;\">Honza \u0160indel\u00e1\u0159<\/span><\/strong>, defekt v kamenit\u00e9m \u00faseku trat\u011b v\u0161ak jeho medailov\u00e9 ambice bohu\u017eel zhatil&#8230; P\u0159esto se \u0160indel\u00e1\u0159ovi z Velenova s pr\u00e1zdnou nevracej\u00ed. <strong><span style=\"color: #800000;\">Honza &#8222;D\u017eony&#8220; \u0160indel\u00e1\u0159<\/span><\/strong> svedl vyrovnan\u00fd souboj v z\u00e1vod\u011b junior\u016f kadet\u016f s na\u0161\u00edm odchovancem <strong><span style=\"color: #800000;\">Tom\u00e1\u0161em Tlamkou &#8222;Contadorem&#8220; <\/span><\/strong><span style=\"color: #800000;\"><span style=\"color: #000000;\">(Nutrend Specialized Racing)<\/span><\/span>, kter\u00e9mu ve fini\u0161i podlehl p\u011bti vte\u0159inkami&#8230; St\u0159\u00edbro &#8222;D\u017eonymu&#8220; slu\u0161elo, stejn\u011b jako &#8222;Contadorovi&#8220; zlato! Cenn\u00e9 \u0161est\u00e9 m\u00edsto pak bral v t\u00e9to nabit\u00e9 kategorii p\u0159i ne\u00fa\u010dasti Karla Vinick\u00e9ho, dal\u0161\u00ed n\u00e1\u0161 spolehliv\u00fd reprezentant, \u00a0\u00a0<strong><span style=\"color: #800000;\">V\u00ed\u0165a Such\u00e1nek<\/span><\/strong>.<\/p>\n<figure id=\"attachment_9633\" aria-describedby=\"caption-attachment-9633\" style=\"width: 587px\" class=\"wp-caption alignnone\"><a href=\"http:\/\/www.moravecteam.cz\/?attachment_id=9633\" rel=\"attachment wp-att-9633\"><img decoding=\"async\" loading=\"lazy\" class=\" wp-image-9633\" alt=\"IMG_1256\" src=\"http:\/\/www.moravecteam.cz\/wp-content\/uploads\/2017\/09\/IMG_1256.jpg\" width=\"587\" height=\"358\" srcset=\"https:\/\/www.moravecteam.cz\/wp-content\/uploads\/2017\/09\/IMG_1256.jpg 587w, https:\/\/www.moravecteam.cz\/wp-content\/uploads\/2017\/09\/IMG_1256-300x182.jpg 300w\" sizes=\"(max-width: 587px) 100vw, 587px\" \/><\/a><figcaption id=\"caption-attachment-9633\" class=\"wp-caption-text\">Zaj\u00edmav\u00fd a nap\u00ednav\u00fd z\u00e1vod junior\u016f \/ kadet\u016f pro sebe rozhodl Tom\u00e1\u0161 Tlamka &#8222;Contador&#8220;, st\u0159\u00edbro bral po z\u00e1sluze n\u00e1\u0161 Honza &#8222;D\u017eony&#8220; \u0160indel\u00e1\u0159.<\/figcaption><\/figure>\n<p style=\"text-align: justify;\">Na\u0161e velenovsk\u00e9 medailov\u00e9 \u017en\u011b zavr\u0161ila ziskem st\u0159\u00edbra v z\u00e1vod\u011b juniorek \/ kadetek <strong><span style=\"color: #800000;\">Anna Zem\u00e1nkov\u00e1 a<\/span><\/strong>\u00a0ten den pro n\u00e1s sedmou (!) bramboru vyjela ve stejn\u00e9 kategorii <strong><span style=\"color: #800000;\">Monika Kone\u010dn\u00e1.<\/span><\/strong> A jestli jste t\u011bch &#8222;brambor&#8220; z p\u0159edchoz\u00edho textu napo\u010d\u00edtali pouze \u0161est, tak jste po\u010d\u00edtali spr\u00e1vn\u011b&#8230; T\u00edm posledn\u00edm na\u0161\u00edm &#8222;brambor\u00e1\u0159em&#8220; z Velenova je v kategorii Masters II \u010dtvrt\u00fd,<span style=\"color: #800000;\"><strong> Franta Pad\u011bra<\/strong><\/span>! Se\u010dteno podtr\u017eeno: 17 medail\u00ed z toho 7 zlat\u00fdch, 5 st\u0159\u00edbrn\u00fdch a 5 bronzov\u00fdch! Zde mrkn\u011bte na na\u0161i &#8222;plackovou&#8220; rekapitulaci:<\/p>\n<ul>\n<li>\n<div style=\"text-align: justify;\">Zlat\u00e9 placky zdob\u00ed hrudn\u00ed\u010dky a hrudn\u00edky:<strong><span style=\"color: #ff6600;\"> Leony Eclerov\u00e9<\/span><\/strong> (odr\u00e1\u017eedla) \/ 1., <strong><span style=\"color: #ff6600;\">Zity \u017dern\u00ed\u010dkov<\/span><span style=\"color: #ff6600;\">\u00e9<\/span><\/strong> (do 6 let) \/ 2.,\u00a0<strong>\u00a0<span style=\"color: #ff6600;\">Just\u00fdnky Novotn\u00e9<\/span><\/strong>\u00a0(7-8 let) \/ 1.,\u00a0<strong><span style=\"color: #ff6600;\">Eli\u0161ky Han\u00e1kov\u00e9\u00a0<\/span><\/strong>(11-12 let) \/ 1. &#8211; jist\u00e1 celkov\u00e1 v\u00edt\u011bzka, <strong>\u00a0<span style=\"color: #ff6600;\">Krist\u00fdny Kol\u00e1\u0159ov\u00e9<\/span>\u00a0<\/strong>\u00a0(13-14 let) \/ 1., <span style=\"color: #ff6600;\"><strong>Martina Gottwalda<\/strong><\/span> (Masters II) \/ 1. &#8211; jist\u00fd celkov\u00fd v\u00edt\u011bz, <span style=\"color: #ff6600;\"><strong>Vlastimila Odehnala<\/strong><\/span> (Masters III) \/ 1. &#8211; jist\u00fd celkov\u00fd v\u00edt\u011bz.<\/div>\n<\/li>\n<li style=\"text-align: justify;\">Ze st\u0159\u00edbra se t\u011b\u0161\u00ed: <strong><span style=\"color: #808080;\">Anton\u00edn Han\u00e1k<\/span><\/strong> (odr\u00e1\u017eedla) \/ 6., <strong><span style=\"color: #808080;\">Jirka Zav\u0159el<\/span> <\/strong>(7-8 let) \/ 5.,\u00a0<span style=\"color: #808080;\"><strong>Ani\u010dka Han\u00e1kov\u00e1<\/strong><\/span>\u00a0(9-10 let) \/ 2., \u00a0<strong><span style=\"color: #808080;\">Honza &#8222;D\u017eony&#8220;\u00a0\u00a0\u0160indel\u00e1\u0159<\/span><\/strong> (junio\u0159i \/ kadeti) \/ 5.., <span style=\"color: #808080;\"><strong>Anna Zem\u00e1nkov\u00e1<\/strong> <\/span>(juniorky \/ kadetky) \u00a02..<\/li>\n<li style=\"text-align: justify;\">Bronz pat\u0159\u00ed:\u00a0<span style=\"color: #800000;\"><strong>Ad\u00e9lce V\u011brn\u00e9<\/strong> \u00a0<\/span>(do 6 let) \/ 3., <strong><span style=\"color: #800000;\">Magdal\u00e9n\u011b Barto\u0161ov\u00e9<\/span><\/strong> (7-8 let) \/ 5.,\u00a0<span style=\"color: #800000;\"><strong>Am\u00e1lce Gottwaldov\u00e9<\/strong><\/span> (9 &#8211; 10 let) \/ 1. a <b><span style=\"color: #800000;\">V\u00ed\u0165ovi Lipensk\u00e9m<\/span>\u00a0<\/b>(11-12 let) \/ 2.<\/li>\n<\/ul>\n<figure id=\"attachment_9630\" aria-describedby=\"caption-attachment-9630\" style=\"width: 1039px\" class=\"wp-caption alignnone\"><a href=\"http:\/\/www.moravecteam.cz\/?attachment_id=9630\" rel=\"attachment wp-att-9630\"><img decoding=\"async\" loading=\"lazy\" class=\" wp-image-9630\" alt=\"IMG_1224\" src=\"http:\/\/www.moravecteam.cz\/wp-content\/uploads\/2017\/09\/IMG_1224.jpg\" width=\"1039\" height=\"860\" srcset=\"https:\/\/www.moravecteam.cz\/wp-content\/uploads\/2017\/09\/IMG_1224.jpg 1039w, https:\/\/www.moravecteam.cz\/wp-content\/uploads\/2017\/09\/IMG_1224-300x248.jpg 300w, https:\/\/www.moravecteam.cz\/wp-content\/uploads\/2017\/09\/IMG_1224-1024x847.jpg 1024w\" sizes=\"(max-width: 1039px) 100vw, 1039px\" \/><\/a><figcaption id=\"caption-attachment-9630\" class=\"wp-caption-text\">P\u011bt na\u0161ich d\u00edvek marn\u011b st\u00edhalo v kategorii 9-10 let Annu Hude\u010dkovou z Otrokovic.<\/figcaption><\/figure>\n<p style=\"text-align: justify;\">Po sobotn\u00ed velenovsk\u00e9 &#8222;Vrchovin\u011b&#8220; p\u0159ibylo dal\u0161\u00edch p\u011bt v\u00edt\u011bz\u016fv celkov\u00e9m po\u0159ad\u00ed a my se radujeme ze skute\u010dnosti, \u017ee jedn\u00edm z nich je ve spole\u010dn\u00e9 \u00a0kategorii junior\u016f \/kadet\u016f i n\u00e1\u0161 <strong><span style=\"color: #800000;\">Karel Vinick\u00fd<\/span><\/strong>. Ten sice nestartoval, ale proto\u017ee jeho soupe\u0159i &#8222;od\u010derpali&#8220; body jeho nejv\u011bt\u0161\u00edm konkurentovi Honzovi \u0160m\u00eddovi, rozhodlo se o clkov\u00e9m prvenstv\u00ed na\u0161eho bikera z Olomu\u010dan v jeho nep\u0159\u00edtomnosti! Po &#8222;Ellis&#8220; Han\u00e1kov\u00e9 a Martinu Gottwaldovi m\u00e1me tedy z na\u0161ich \u0159ad s p\u0159edstihem u\u017e t\u0159et\u00edho v\u00edt\u011bze leto\u0161n\u00ed MTB &#8222;Vrchoviny&#8220;. Blahop\u0159ejeme Karlovi, stejn\u011b jako v\u0161em ostatn\u00edm medailist\u016fm ze soboty, d\u00edky v\u0161em pak bez rozdd\u00edlu za poctiv\u00e9 v\u00fdkony na doraz, d\u00edky samoz\u0159ejm\u011b pat\u0159\u00ed i podp\u016frn\u00fdm rodinn\u00fdm t\u00fdm\u016fm. Zde si odkontrolujte <strong><a href=\"http:\/\/vysledky.pohardrahanskevrchoviny.cz\/2017\/?page=vysledky\">v\u00fdsledky<\/a><\/strong> a nezapome\u0148te mrknout na dv\u011b bohat\u00e9 fotogalerie:<\/p>\n<ul>\n<li><strong><a href=\"http:\/\/moravecteam.rajce.idnes.cz\/2017.09.09_PDV_Velenov\/\">Fotogalerie \u010d.1<\/a><\/strong> (Lenka Tlamkov\u00e1)<\/li>\n<li><strong><a href=\"http:\/\/jones1.rajce.idnes.cz\/PDV_Velenov_-_9.9.2017\/\" target=\"_blank\">Fotogalerie \u010d.2<\/a><\/strong> (Jarom\u00edr Rezek)<\/li>\n<\/ul>\n","protected":false},"excerpt":{"rendered":"<p>Leto\u0161n\u00ed MTB &#8222;Vrchovina&#8220;, kter\u00e1 je od sv\u00e9ho samotn\u00e9ho vzniku jednou z nosn\u00fdch sez\u00f3nn\u00edch n\u00e1pln\u00ed bikersk\u00fdch aktivit MORAVEC Teamu,\u00a0 sm\u011b\u0159uje nezadr\u017eiteln\u011b ke sv\u00e9mu c\u00edli. Velenovsk\u00fd z\u00e1vod v sobotu odkrojil prvn\u00ed t\u0159etinu z jeho posledn\u00ed p\u011btiny (neznal\u00ed celkov\u00e9ho po\u010dtu z\u00e1vod\u016f, jsou-li tro\u0161ku zdatn\u011bj\u0161\u00edmi po\u010dt\u00e1\u0159i, si m\u016f\u017eou snadno ov\u011b\u0159it, kolik \u017ee\u00a0celkem d\u00edl\u016f letos kultovn\u00ed region\u00e1ln\u00ed bikov\u00fd seri\u00e1l m\u011bl) &hellip; <a href=\"https:\/\/www.moravecteam.cz\/?p=9616\" class=\"more-link\">Pokra\u010dov\u00e1n\u00ed textu <span class=\"screen-reader-text\">N\u00e1dech k fini\u0161i!<\/span> <span class=\"meta-nav\">&rarr;<\/span><\/a><\/p>\n","protected":false},"author":3,"featured_media":9629,"comment_status":"open","ping_status":"closed","sticky":false,"template":"","format":"standard","meta":[],"categories":[1],"tags":[],"_links":{"self":[{"href":"https:\/\/www.moravecteam.cz\/index.php?rest_route=\/wp\/v2\/posts\/9616"}],"collection":[{"href":"https:\/\/www.moravecteam.cz\/index.php?rest_route=\/wp\/v2\/posts"}],"about":[{"href":"https:\/\/www.moravecteam.cz\/index.php?rest_route=\/wp\/v2\/types\/post"}],"author":[{"embeddable":true,"href":"https:\/\/www.moravecteam.cz\/index.php?rest_route=\/wp\/v2\/users\/3"}],"replies":[{"embeddable":true,"href":"https:\/\/www.moravecteam.cz\/index.php?rest_route=%2Fwp%2Fv2%2Fcomments&post=9616"}],"version-history":[{"count":13,"href":"https:\/\/www.moravecteam.cz\/index.php?rest_route=\/wp\/v2\/posts\/9616\/revisions"}],"predecessor-version":[{"id":9654,"href":"https:\/\/www.moravecteam.cz\/index.php?rest_route=\/wp\/v2\/posts\/9616\/revisions\/9654"}],"wp:featuredmedia":[{"embeddable":true,"href":"https:\/\/www.moravecteam.cz\/index.php?rest_route=\/wp\/v2\/media\/9629"}],"wp:attachment":[{"href":"https:\/\/www.moravecteam.cz\/index.php?rest_route=%2Fwp%2Fv2%2Fmedia&parent=9616"}],"wp:term":[{"taxonomy":"category","embeddable":true,"href":"https:\/\/www.moravecteam.cz\/index.php?rest_route=%2Fwp%2Fv2%2Fcategories&post=9616"},{"taxonomy":"post_tag","embeddable":true,"href":"https:\/\/www.moravecteam.cz\/index.php?rest_route=%2Fwp%2Fv2%2Ftags&post=9616"}],"curies":[{"name":"wp","href":"https:\/\/api.w.org\/{rel}","templated":true}]}}