{"id":963,"date":"2015-07-07T11:21:20","date_gmt":"2015-07-07T09:21:20","guid":{"rendered":"http:\/\/www.moravecteam.cz\/?p=963"},"modified":"2015-07-07T23:05:17","modified_gmt":"2015-07-07T21:05:17","slug":"super-cyklo-zilina","status":"publish","type":"post","link":"https:\/\/www.moravecteam.cz\/?p=963","title":{"rendered":"Super cyklo \u017dilina!"},"content":{"rendered":"<p style=\"text-align: justify;\"><span style=\"color: #800000;\"><strong>Spole\u010dn\u00fd cyklistick\u00fd silni\u010dn\u00ed n\u00e1rodn\u00ed \u0161ampion\u00e1t maj\u00ed za sebou b\u00fdval\u00ed feder\u00e1ln\u00ed k\u00e1mo\u0161i, \u010ce\u0161i a Slov\u00e1ci.\u00a0V p\u0159edminul\u00e9m t\u00fddnu pohostila silni\u010d\u00e1\u0159skou elitu obou d\u0159\u00edve (a v\u011b\u0159\u00edm, \u017ee st\u00e1le je\u0161t\u011b) sp\u0159\u00e1telen\u00fdch n\u00e1rod\u016f \u017dilina a v\u011bru, byly to z\u00e1vody jako \u0159emen. Kdo si v ned\u011bli 28. \u010dervna odpoledne zapnul v odpoledn\u00edch hodin\u00e1ch TV a naladil \u010cT4 Sport, musel nab\u00fdt dojem, \u017ee legend\u00e1rn\u00ed Tour de France za\u010dala se \u010dtrn\u00e1ctidenn\u00edm p\u0159edstihem&#8230; A nemysl\u00edm, \u017ee za supr \u00farove\u0148 a kulisu z\u00e1vodu mohla jenom dom\u00e1c\u00ed cyklistick\u00e1 ikona, kterou Petre Sagan bezesporu je&#8230; Pravdou bude v\u00edce, \u017ee na Slovensku to zkr\u00e1tka s cyklistikou d\u011blaj\u00ed podstatn\u011b l\u00e9pe ne\u017e v tak trochu &#8211;\u00a0\u0159eknu to m\u00edrn\u011b &#8211; \u00a0zapa\u0159en\u00fdch \u010cesk\u00fd luz\u00edch a h\u00e1j\u00edch&#8230;<\/strong><\/span><\/p>\n<p style=\"text-align: justify;\">N\u00e1s samoz\u0159ejm\u011b t\u011b\u0161ilo &#8211; a taky proto jsme byli po cel\u00fd \u017eilinsk\u00fd cyklistick\u00fd t\u00fdden ve st\u0159ehu &#8211; \u017ee do boj\u016f zde zas\u00e1hli dva na\u0161i odchovanci &#8211; junio\u0159i &#8211; Ad\u00e9la \u0160af\u00e1\u0159ov\u00e1 (Nutrend Spcialized) a Dominik Prudek (GT Opportunity). A zas\u00e1hli v\u00edce jak se ct\u00ed!<\/p>\n<figure id=\"attachment_1000\" aria-describedby=\"caption-attachment-1000\" style=\"width: 1092px\" class=\"wp-caption alignnone\"><a href=\"http:\/\/www.moravecteam.cz\/?attachment_id=1000\" rel=\"attachment wp-att-1000\"><img decoding=\"async\" loading=\"lazy\" class=\" wp-image-1000\" alt=\"03\" src=\"http:\/\/www.moravecteam.cz\/wp-content\/uploads\/2015\/07\/03.jpg\" width=\"1092\" height=\"1091\" srcset=\"https:\/\/www.moravecteam.cz\/wp-content\/uploads\/2015\/07\/03.jpg 1092w, https:\/\/www.moravecteam.cz\/wp-content\/uploads\/2015\/07\/03-25x25.jpg 25w, https:\/\/www.moravecteam.cz\/wp-content\/uploads\/2015\/07\/03-300x300.jpg 300w, https:\/\/www.moravecteam.cz\/wp-content\/uploads\/2015\/07\/03-1024x1024.jpg 1024w\" sizes=\"(max-width: 1092px) 100vw, 1092px\" \/><\/a><figcaption id=\"caption-attachment-1000\" class=\"wp-caption-text\">Usm\u011bvav\u00e9 slun\u00ed\u010dko Ad\u00e9la \u0160af\u00e1\u0159ov\u00e1 sv\u00edti i v dresu &#8222;Rud\u00fdch \u010f\u00e1bl\u016f&#8220; Viktora Zapletala. V \u017dilin\u011b p\u0159edvedla &#8222;Adys&#8220; i svoje nesporn\u00e9 silni\u010d\u00e1\u0159sk\u00e9 kvality!<\/figcaption><\/figure>\n<p style=\"text-align: justify;\">Ad\u00e9la \u0160af\u00e1\u0159ov\u00e1 op\u011bt prok\u00e1zala nejen svoji cyklistickou univerz\u00e1lonst, ale\u00a0z\u00e1rove\u0148 velkou m\u00edru s\u00edly. By\u0165 je ak\u010dn\u00ed na\u00a0cyklistick\u00fdch front\u00e1ch prakticky u\u017e od \u00fanora,\u00a0p\u0159edkl\u00e1d\u00e1 sv\u00e9mu tren\u00e9rovi\u00a0Viktoru Zapletaletalovi \u00a0jeden v\u00fdborn\u00fd\u00a0v\u00fdsledek za druh\u00fdm. Osm\u00e9 m\u00edsto z \u017diliny je toho jen d\u016fkazem a i zasv\u011bcen\u00fdm jde hlava kolem z toho, kde se ta s\u00edla v talentovan\u00e9 \u00fatl\u00e9 bikerce z Boskovic neust\u00e1le bere&#8230;<\/p>\n<figure id=\"attachment_1001\" aria-describedby=\"caption-attachment-1001\" style=\"width: 1507px\" class=\"wp-caption alignnone\"><a href=\"http:\/\/www.moravecteam.cz\/?attachment_id=1001\" rel=\"attachment wp-att-1001\"><img decoding=\"async\" loading=\"lazy\" class=\" wp-image-1001\" alt=\"04\" src=\"http:\/\/www.moravecteam.cz\/wp-content\/uploads\/2015\/07\/04.jpg\" width=\"1507\" height=\"1269\" srcset=\"https:\/\/www.moravecteam.cz\/wp-content\/uploads\/2015\/07\/04.jpg 1507w, https:\/\/www.moravecteam.cz\/wp-content\/uploads\/2015\/07\/04-300x252.jpg 300w, https:\/\/www.moravecteam.cz\/wp-content\/uploads\/2015\/07\/04-1024x862.jpg 1024w\" sizes=\"(max-width: 1507px) 100vw, 1507px\" \/><\/a><figcaption id=\"caption-attachment-1001\" class=\"wp-caption-text\">Dominik Prudek (na sn\u00edmku v pop\u0159ed\u00ed), \u010dern\u00fd k\u016f\u0148 leto\u0161n\u00edho juniorsk\u00e9ho startovn\u00edho pole cross country p\u0159edvedl na trat\u00edch v okol\u00ed \u017diliny, \u017ee krom\u011b cyklokrosa\u0159sk\u00e9ho speci\u00e1lu mu ani silni\u010dn\u00ed kolo nen\u00ed ciz\u00ed&#8230;<\/figcaption><\/figure>\n<p style=\"text-align: justify;\">Pozadu nez\u016fstal ani druh\u00fd n\u00e1\u0161 odchovanec Dominik Prudek, kter\u00fd ve v\u00edce jak stohlav\u00e9 juniorsk\u00e9 &#8222;sme\u010dce mlad\u00fdch drak\u016f&#8220; &#8222;dol\u00edtl&#8220; do c\u00edle na 59. m\u00edst\u011b. I u Dominika je v\u00edce jak patrn\u00e9, jak se citliv\u011b\u00a0 jeho t\u00e1tovi a tren\u00e9rovi z\u00e1rove\u0148, V\u00ed\u0165ovi Prudkovi, da\u0159\u00ed sladit to nejd\u016fle\u017eit\u011bj\u0161\u00ed: napl\u00e1novat vhodn\u011a tr\u00e9ninkovou strukturu v \u010detn\u011b m\u00edry objem\u016f s fyziologick\u00fdm r\u016fstem mlad\u00e9ho cyklisty\u00a0v\u010detn\u011b br\u00e1n\u00ed v \u00favahu jeho somatick\u00fdch vlastnost\u00ed&#8230;<\/p>\n<p style=\"text-align: justify;\">\u017dilina uk\u00e1zala nejen kdo je aktu\u00e1ln\u011b ve St\u0159edn\u00ed Evrop\u011b TOP panem cyklistou, ale hlavn\u011b potvrdila, \u017ee\u00a0od Slov\u00e1k\u016f se na cyklistick\u00e9m poli v sou\u010dasnosti m\u016f\u017eeme jen u\u010dit&#8230;\u00a0D\u016fkazem toho, \u017ee jako \u010cesko za nimi \u00a0pokulh\u00e1v\u00e1me je i to, \u017ee\u00a0na ofici\u00e1ln\u00edm v\u00fdsledkov\u00e9m serveru\u00a0\u00a0<a href=\"http:\/\/www.cyklovysledky.cz\">www.cyklovysledky.cz<\/a> jsem v\u00fdsledky z M\u010cR marn\u011b hledal a nena\u0161el jsem ani odkaz na n\u011b na ofici\u00e1ln\u00ed svazov\u00e9 webov\u00e9 str\u00e1nce&#8230;<\/p>\n<p style=\"text-align: justify;\">\n","protected":false},"excerpt":{"rendered":"<p>Spole\u010dn\u00fd cyklistick\u00fd silni\u010dn\u00ed n\u00e1rodn\u00ed \u0161ampion\u00e1t maj\u00ed za sebou b\u00fdval\u00ed feder\u00e1ln\u00ed k\u00e1mo\u0161i, \u010ce\u0161i a Slov\u00e1ci.\u00a0V p\u0159edminul\u00e9m t\u00fddnu pohostila silni\u010d\u00e1\u0159skou elitu obou d\u0159\u00edve (a v\u011b\u0159\u00edm, \u017ee st\u00e1le je\u0161t\u011b) sp\u0159\u00e1telen\u00fdch n\u00e1rod\u016f \u017dilina a v\u011bru, byly to z\u00e1vody jako \u0159emen. Kdo si v ned\u011bli 28. \u010dervna odpoledne zapnul v odpoledn\u00edch hodin\u00e1ch TV a naladil \u010cT4 Sport, musel nab\u00fdt dojem, &hellip; <a href=\"https:\/\/www.moravecteam.cz\/?p=963\" class=\"more-link\">Pokra\u010dov\u00e1n\u00ed textu <span class=\"screen-reader-text\">Super cyklo \u017dilina!<\/span> <span class=\"meta-nav\">&rarr;<\/span><\/a><\/p>\n","protected":false},"author":3,"featured_media":0,"comment_status":"closed","ping_status":"closed","sticky":false,"template":"","format":"standard","meta":[],"categories":[1],"tags":[],"_links":{"self":[{"href":"https:\/\/www.moravecteam.cz\/index.php?rest_route=\/wp\/v2\/posts\/963"}],"collection":[{"href":"https:\/\/www.moravecteam.cz\/index.php?rest_route=\/wp\/v2\/posts"}],"about":[{"href":"https:\/\/www.moravecteam.cz\/index.php?rest_route=\/wp\/v2\/types\/post"}],"author":[{"embeddable":true,"href":"https:\/\/www.moravecteam.cz\/index.php?rest_route=\/wp\/v2\/users\/3"}],"replies":[{"embeddable":true,"href":"https:\/\/www.moravecteam.cz\/index.php?rest_route=%2Fwp%2Fv2%2Fcomments&post=963"}],"version-history":[{"count":5,"href":"https:\/\/www.moravecteam.cz\/index.php?rest_route=\/wp\/v2\/posts\/963\/revisions"}],"predecessor-version":[{"id":985,"href":"https:\/\/www.moravecteam.cz\/index.php?rest_route=\/wp\/v2\/posts\/963\/revisions\/985"}],"wp:attachment":[{"href":"https:\/\/www.moravecteam.cz\/index.php?rest_route=%2Fwp%2Fv2%2Fmedia&parent=963"}],"wp:term":[{"taxonomy":"category","embeddable":true,"href":"https:\/\/www.moravecteam.cz\/index.php?rest_route=%2Fwp%2Fv2%2Fcategories&post=963"},{"taxonomy":"post_tag","embeddable":true,"href":"https:\/\/www.moravecteam.cz\/index.php?rest_route=%2Fwp%2Fv2%2Ftags&post=963"}],"curies":[{"name":"wp","href":"https:\/\/api.w.org\/{rel}","templated":true}]}}