{"id":9649,"date":"2017-09-15T21:13:22","date_gmt":"2017-09-15T19:13:22","guid":{"rendered":"http:\/\/www.moravecteam.cz\/?p=9649"},"modified":"2017-09-15T21:13:43","modified_gmt":"2017-09-15T19:13:43","slug":"mtb-ricanska-tour","status":"publish","type":"post","link":"https:\/\/www.moravecteam.cz\/?p=9649","title":{"rendered":"&#8222;Double&#8220; z \u0158\u00ed\u010dan!"},"content":{"rendered":"<p style=\"text-align: justify;\"><span style=\"color: #800000;\"><strong>Den po n\u00e1ro\u010dn\u00e9m z\u00e1vod\u011b MTB &#8222;Vrchoviny&#8220; ve Velenov\u011b zvl\u00e1dlo nem\u00e1lo MORAVC\u016e je\u0161t\u011b dal\u0161\u00ed t\u011b\u017ek\u00e9 z\u00e1vody, kde jedn\u00edm z nich byl nap\u0159\u00edklad ten v \u0158\u00ed\u010danech u Brna. M\u011bl povahu MTB maratonu, kdy z\u00e1vodn\u00edci podle v\u011bku zdol\u00e1vali okruh 22 jednou nebo dvakr\u00e1t. Do z\u00e1vodu, kter\u00fd se zde nekonal poprv\u00e9 (jeho historie se datuje od roku 2012), a kter\u00fd byl i letos sou\u010d\u00e1st\u00ed Brn\u011bnsk\u00e9ho poh\u00e1ru horsk\u00fdch kol, se zaprezentovala celkem p\u011bt MORAVC\u016e, z \u010deho\u017e byly dva veter\u00e1ni, dva junio\u0159i \/ kadeti a jeden \u017e\u00e1k. Bylo jich p\u011bt a vedli si opravdu zdatn\u011b!<\/strong><\/span><\/p>\n<figure id=\"attachment_9694\" aria-describedby=\"caption-attachment-9694\" style=\"width: 646px\" class=\"wp-caption alignnone\"><a href=\"http:\/\/www.moravecteam.cz\/?attachment_id=9694\" rel=\"attachment wp-att-9694\"><img decoding=\"async\" loading=\"lazy\" class=\" wp-image-9694\" alt=\"IMG_0139\" src=\"http:\/\/www.moravecteam.cz\/wp-content\/uploads\/2017\/09\/IMG_0139.jpg\" width=\"646\" height=\"569\" srcset=\"https:\/\/www.moravecteam.cz\/wp-content\/uploads\/2017\/09\/IMG_0139.jpg 646w, https:\/\/www.moravecteam.cz\/wp-content\/uploads\/2017\/09\/IMG_0139-300x264.jpg 300w\" sizes=\"(max-width: 646px) 100vw, 646px\" \/><\/a><figcaption id=\"caption-attachment-9694\" class=\"wp-caption-text\">O dvojit\u00e9 v\u00edt\u011bzstv\u00ed na\u0161ich barev se v \u0158\u00ed\u010danech postarali Honza &#8222;D\u017eony&#8220; \u0160indel\u00e1\u0159 a Tom\u00e1\u0161 Dou\u0161ek.<\/figcaption><\/figure>\n<p style=\"text-align: justify;\">V\u00fdborn\u00e9 v\u00fdsledky na\u0161ich potvrdily \u00a0leto\u0161n\u00ed vysokou v\u00fdkonnost a kdy\u017e k tomu p\u0159ipo\u010dteme zisk dvou medail\u00ed, je t\u0159eba ozna\u010dit \u0158\u00ed\u010danskou misi za velmi \u00fasp\u011b\u0161nou. Na velk\u00e9 trati 44 km n\u00e1s reprezentovali v kategorii Masters II dva na\u0161i zku\u0161en\u00ed snajp\u0159i &#8211; <strong><span style=\"color: #800000;\">Franta Pad\u011bra<\/span> <\/strong>s <strong><span style=\"color: #800000;\">Honzou \u0160indel\u00e1\u0159em a<\/span><\/strong>\u00a0oba si vedli v hutn\u00e9 konkurenci v\u00fdborn\u011b: Franta fini\u0161oval do c\u00edle na v\u00fdborn\u00e9m 5. m\u00edst\u011b, Honza dojel t\u011bsn\u011b za n\u00edm s dvouvte\u0159onov\u00fdm odstupem na 6. m\u00edst\u011b, kdy\u017e oba svorn\u011b ztratili na v\u00edt\u011bze z\u00e1vodu asi 6 minut.<\/p>\n<figure id=\"attachment_9695\" aria-describedby=\"caption-attachment-9695\" style=\"width: 987px\" class=\"wp-caption alignnone\"><a href=\"http:\/\/www.moravecteam.cz\/?attachment_id=9695\" rel=\"attachment wp-att-9695\"><img decoding=\"async\" loading=\"lazy\" class=\" wp-image-9695\" alt=\"IMG_0102\" src=\"http:\/\/www.moravecteam.cz\/wp-content\/uploads\/2017\/09\/IMG_0102.jpg\" width=\"987\" height=\"451\" srcset=\"https:\/\/www.moravecteam.cz\/wp-content\/uploads\/2017\/09\/IMG_0102.jpg 987w, https:\/\/www.moravecteam.cz\/wp-content\/uploads\/2017\/09\/IMG_0102-300x137.jpg 300w\" sizes=\"(max-width: 987px) 100vw, 987px\" \/><\/a><figcaption id=\"caption-attachment-9695\" class=\"wp-caption-text\">Hrozen biker\u016f, p\u0159ipraven\u00fdch ke startu na trati 22km. T\u0159i na\u0161e &#8222;udern\u00edky&#8220; snadno rozpozn\u00e1v\u00e1me&#8230;<\/figcaption><\/figure>\n<p style=\"text-align: justify;\">Na kvalitn\u00ed v\u00fdkon &#8222;star\u00e9 gardy&#8220; nav\u00e1zala na polovi\u010dn\u00ed distanci 22 km na\u0161e &#8222;mlad\u00e1 garda&#8220;. <strong><span style=\"color: #800000;\">Roman \u0160indel\u00e1\u0159<\/span><\/strong> dojel v hodn\u011b v\u011bkov\u011b &#8222;otev\u0159en\u00e9&#8220; kategorii chlapc\u016f 11-14 let na v\u00fdborn\u00e9m, .5. m\u00edst\u011b, a je\u0161t\u011b l\u00e9pe sa da\u0159ilo dv\u011bma na\u0161im borc\u016fm v z\u00e1vod\u011b junior\u016f \/ kadet\u016f. Ten suver\u00e9nn\u011b ovl\u00e1dl <strong><span style=\"color: #800000;\">Honza &#8222;D\u017eony&#8220; \u0160indel\u00e1\u0159<\/span><\/strong>, kter\u00fd \u010dasem 50:13,81 minut zaznamenal na t\u00e9to trati absolutn\u011b druh\u00fd nejlep\u0161\u00ed \u010das dne! Po z\u00e1sluze bral zlato a ne moc pozadu za n\u00edm z\u016fstal jeho t\u00fdmov\u00fd par\u0165\u00e1k, <strong><span style=\"color: #800000;\">Tom\u00e1\u0161 Dou\u0161ek<\/span><\/strong>, kter\u00fd s minutovou ztr\u00e1tou dojel za &#8222;D\u017eonym&#8220; jako druh\u00fd a dovr\u0161il tak &#8222;double&#8220; na\u0161ich v \u0159\u00ed\u010dansk\u00e9m z\u00e1vod\u011b!<\/p>\n<figure id=\"attachment_9696\" aria-describedby=\"caption-attachment-9696\" style=\"width: 579px\" class=\"wp-caption alignnone\"><a href=\"http:\/\/www.moravecteam.cz\/?attachment_id=9696\" rel=\"attachment wp-att-9696\"><img decoding=\"async\" loading=\"lazy\" class=\" wp-image-9696\" alt=\"DSCF0146[1]\" src=\"http:\/\/www.moravecteam.cz\/wp-content\/uploads\/2017\/09\/DSCF01461.jpg\" width=\"579\" height=\"441\" srcset=\"https:\/\/www.moravecteam.cz\/wp-content\/uploads\/2017\/09\/DSCF01461.jpg 579w, https:\/\/www.moravecteam.cz\/wp-content\/uploads\/2017\/09\/DSCF01461-300x228.jpg 300w\" sizes=\"(max-width: 579px) 100vw, 579px\" \/><\/a><figcaption id=\"caption-attachment-9696\" class=\"wp-caption-text\">Honza \u0160indel\u00e1\u0159 s Franti\u0161kem Pad\u011brou str\u00e1vili na trati pobl\u00ed\u017e sebe asi hodn\u011b \u010dasu&#8230; Sv\u011bd\u010d\u00ed o tom i jejich tak\u0159ka spole\u010dn\u00fd c\u00edlov\u00fd fini\u0161.<\/figcaption><\/figure>\n<p style=\"text-align: justify;\">D\u00edky p\u011bti na\u0161im za poctiv\u00e9 v\u00fdkony na doraz a vzorn\u00e9 repre MORAVCE! K medailist\u016fm let\u00ed samoz\u0159ejm\u011b i na\u0161e &#8222;gratulova\u010dka&#8220;&#8230; Zde si m\u016f\u017eete odkontrolovat kompletn\u00ed <strong><a href=\"http:\/\/www.ricanska-tour.cz\/vysledky-2017_FINAL\/\">v\u00fdsledkov\u00fd servis<\/a>\u00a0<\/strong>a kdo se o \u0158\u00ed\u010dansk\u00e9 MTB Tour dov\u011bd\u011bl poprv\u00e9 pr\u00e1v\u011b z t\u00e9to aktuality, tak zde se m\u016f\u017eete dov\u011bd\u011bt\u00a0dal\u0161\u00ed <strong><a href=\"http:\/\/www.ricanska-tour.cz\/\">podrobnosti k z\u00e1vodu<\/a>, <\/strong>kter\u00fd se jel letos u\u017e po \u0161est\u00e9.<\/p>\n<figure id=\"attachment_9697\" aria-describedby=\"caption-attachment-9697\" style=\"width: 642px\" class=\"wp-caption alignnone\"><a href=\"http:\/\/www.moravecteam.cz\/?attachment_id=9697\" rel=\"attachment wp-att-9697\"><img decoding=\"async\" loading=\"lazy\" class=\" wp-image-9697\" alt=\"IMG_0133\" src=\"http:\/\/www.moravecteam.cz\/wp-content\/uploads\/2017\/09\/IMG_0133.jpg\" width=\"642\" height=\"534\" srcset=\"https:\/\/www.moravecteam.cz\/wp-content\/uploads\/2017\/09\/IMG_0133.jpg 642w, https:\/\/www.moravecteam.cz\/wp-content\/uploads\/2017\/09\/IMG_0133-300x249.jpg 300w\" sizes=\"(max-width: 642px) 100vw, 642px\" \/><\/a><figcaption id=\"caption-attachment-9697\" class=\"wp-caption-text\">St\u0159\u00edbro Tom\u00e1\u0161, zlato pro &#8222;D\u017eonyho&#8220;! Bravo MORAVEC!<\/figcaption><\/figure>\n","protected":false},"excerpt":{"rendered":"<p>Den po n\u00e1ro\u010dn\u00e9m z\u00e1vod\u011b MTB &#8222;Vrchoviny&#8220; ve Velenov\u011b zvl\u00e1dlo nem\u00e1lo MORAVC\u016e je\u0161t\u011b dal\u0161\u00ed t\u011b\u017ek\u00e9 z\u00e1vody, kde jedn\u00edm z nich byl nap\u0159\u00edklad ten v \u0158\u00ed\u010danech u Brna. M\u011bl povahu MTB maratonu, kdy z\u00e1vodn\u00edci podle v\u011bku zdol\u00e1vali okruh 22 jednou nebo dvakr\u00e1t. Do z\u00e1vodu, kter\u00fd se zde nekonal poprv\u00e9 (jeho historie se datuje od roku 2012), a &hellip; <a href=\"https:\/\/www.moravecteam.cz\/?p=9649\" class=\"more-link\">Pokra\u010dov\u00e1n\u00ed textu <span class=\"screen-reader-text\">&#8222;Double&#8220; z \u0158\u00ed\u010dan!<\/span> <span class=\"meta-nav\">&rarr;<\/span><\/a><\/p>\n","protected":false},"author":3,"featured_media":9693,"comment_status":"open","ping_status":"closed","sticky":false,"template":"","format":"standard","meta":[],"categories":[1],"tags":[],"_links":{"self":[{"href":"https:\/\/www.moravecteam.cz\/index.php?rest_route=\/wp\/v2\/posts\/9649"}],"collection":[{"href":"https:\/\/www.moravecteam.cz\/index.php?rest_route=\/wp\/v2\/posts"}],"about":[{"href":"https:\/\/www.moravecteam.cz\/index.php?rest_route=\/wp\/v2\/types\/post"}],"author":[{"embeddable":true,"href":"https:\/\/www.moravecteam.cz\/index.php?rest_route=\/wp\/v2\/users\/3"}],"replies":[{"embeddable":true,"href":"https:\/\/www.moravecteam.cz\/index.php?rest_route=%2Fwp%2Fv2%2Fcomments&post=9649"}],"version-history":[{"count":9,"href":"https:\/\/www.moravecteam.cz\/index.php?rest_route=\/wp\/v2\/posts\/9649\/revisions"}],"predecessor-version":[{"id":9699,"href":"https:\/\/www.moravecteam.cz\/index.php?rest_route=\/wp\/v2\/posts\/9649\/revisions\/9699"}],"wp:featuredmedia":[{"embeddable":true,"href":"https:\/\/www.moravecteam.cz\/index.php?rest_route=\/wp\/v2\/media\/9693"}],"wp:attachment":[{"href":"https:\/\/www.moravecteam.cz\/index.php?rest_route=%2Fwp%2Fv2%2Fmedia&parent=9649"}],"wp:term":[{"taxonomy":"category","embeddable":true,"href":"https:\/\/www.moravecteam.cz\/index.php?rest_route=%2Fwp%2Fv2%2Fcategories&post=9649"},{"taxonomy":"post_tag","embeddable":true,"href":"https:\/\/www.moravecteam.cz\/index.php?rest_route=%2Fwp%2Fv2%2Ftags&post=9649"}],"curies":[{"name":"wp","href":"https:\/\/api.w.org\/{rel}","templated":true}]}}