{"id":9651,"date":"2017-09-14T23:02:11","date_gmt":"2017-09-14T21:02:11","guid":{"rendered":"http:\/\/www.moravecteam.cz\/?p=9651"},"modified":"2017-09-14T23:02:11","modified_gmt":"2017-09-14T21:02:11","slug":"bronz-ze-znojma","status":"publish","type":"post","link":"https:\/\/www.moravecteam.cz\/?p=9651","title":{"rendered":"Bronz ze Znojma!"},"content":{"rendered":"<p style=\"text-align: justify;\"><strong><span style=\"color: #800000;\">Presti\u017en\u00ed seri\u00e1l MTB maraton\u016f Kolo pro \u017eivot pokra\u010doval minulou sobotu dal\u0161\u00edm z\u00e1vodem ve Znojm\u011b, samoz\u0159ejm\u011b za \u00fa\u010dasti na\u0161ich barev! Koudelkovic \u00fadern\u00e1 &#8222;family&#8220; si letos vzala Kp\u017d za svou a krok za krokem postupuje touto s\u00e9ri\u00ed vst\u0159\u00edc nejvy\u0161\u0161\u00edm met\u00e1m. A u\u017e na jednom z nejji\u017en\u011bj\u0161\u00edch c\u00edp\u016f Ji\u017en\u00ed Moravy to s p\u0159edstihem medailov\u011b zacinkalo! Bravo MORAVEC!<\/span><\/strong><\/p>\n<figure id=\"attachment_9673\" aria-describedby=\"caption-attachment-9673\" style=\"width: 774px\" class=\"wp-caption alignnone\"><a href=\"http:\/\/www.moravecteam.cz\/?attachment_id=9673\" rel=\"attachment wp-att-9673\"><img decoding=\"async\" loading=\"lazy\" class=\" wp-image-9673\" alt=\"IMG_20170909_152638[1]\" src=\"http:\/\/www.moravecteam.cz\/wp-content\/uploads\/2017\/09\/IMG_20170909_1526381.jpg\" width=\"774\" height=\"512\" srcset=\"https:\/\/www.moravecteam.cz\/wp-content\/uploads\/2017\/09\/IMG_20170909_1526381.jpg 774w, https:\/\/www.moravecteam.cz\/wp-content\/uploads\/2017\/09\/IMG_20170909_1526381-300x198.jpg 300w\" sizes=\"(max-width: 774px) 100vw, 774px\" \/><\/a><figcaption id=\"caption-attachment-9673\" class=\"wp-caption-text\">Lucince Koudelkov\u00e9 bronzov\u00e1 medaile ze Znojma hodn\u011b slu\u0161\u00ed!<\/figcaption><\/figure>\n<p style=\"text-align: justify;\"><span style=\"color: #800000;\"><strong>Lucinka Koudelkov\u00e1<\/strong><\/span><span style=\"text-align: justify;\"> stoupala u\u017e v pr\u016fb\u011bhu p\u0159ede\u0161l\u00fdch z\u00e1vod\u016f &#8222;k\u00e1p\u00e9\u017eetka&#8220; stup\u00ednek po stup\u00ednku v\u00fdsledkov\u00fdmi listinami vzh\u016fru&#8230; Medailov\u00e1 radost musela logicky &#8211; d\u0159\u00edve nebo pozd\u011bji p\u0159ij\u00edt&#8230; A k na\u0161\u00ed velk\u00e9 radosti se tak stalo u\u017e minul\u00fd t\u00fdden v sobotu ve Znojm\u011b! Po vyv\u00e1\u017een\u00e9m, bojovn\u00e9m \u00a0v\u00fdkonu se Lucka dok\u00e1zala prosadit na bronzov\u00fd stup\u00ednek v poli v\u00edce jak t\u0159ic\u00edtky na\u017ehaven\u00fdch\u00a0<\/span>bikerek! Blahop\u0159ejeme, bravo MORAVEC!\u00a0I br\u00e1cha Lucky, <strong><span style=\"color: #800000;\">Maty\u00e1\u0161 <a href=\"http:\/\/www.moravecteam.cz\/?attachment_id=9684\" rel=\"attachment wp-att-9684\"><img decoding=\"async\" loading=\"lazy\" class=\"size-full wp-image-9684 alignleft\" title=\"Maty\u00e1\u0161 Koudelka &quot;prubl&quot; ve Znojm\u011b i d\u0159ev\u011bnou drez\u00ednu!\" alt=\"IMG_20170909_104441[1]b\" src=\"http:\/\/www.moravecteam.cz\/wp-content\/uploads\/2017\/09\/IMG_20170909_1044411b.jpg\" width=\"207\" height=\"280\" \/><\/a>Koudelka<\/span>,<\/strong> odvedl v kraji vinn\u00e9 r\u00e9vy pozoruhodn\u00fd v\u00fdkon a v c\u00edli se radoval z um\u00edst\u011bn\u00ed v TOP TEN! Dev\u00e1t\u00e9 m\u00edsto mu ur\u010dit\u011b slu\u0161\u00ed,proto\u017ee i\u00a0on se musel &#8222;popasovat&#8220; s docela hutnou konkurenc\u00ed bezm\u00e1la t\u0159iceti soupe\u0159\u016f&#8230; Zaj\u00edmav\u00e9 stejn\u011b jako okulib\u00e9, je pr\u016fb\u011b\u017en\u00e9 po\u0159ad\u00ed na\u0161ich dvou \u0161ikovn\u00fdch sourozenc\u016f v MTB s\u00e9rii Petra \u010cecha: Lucinka dr\u017e\u00ed se ziskem 581,10 bodu dva z\u00e1vody p\u0159ed koncem seri\u00e1lu (23. z\u00e1\u0159\u00ed se jede legend\u00e1rn\u00ed &#8222;Odersk\u00e1 ml\u00fdnice&#8220; a o t\u00fdden pozd\u011bji se seri\u00e1l uzav\u0159e v n\u00e1m dob\u0159e zn\u00e1m\u00e9 &#8211; Vyso\u010dina ar\u00e9n\u011b \u00a0v Nov\u00e9m M\u011bst\u011b na Morav\u011b &#8211; p\u0159esn\u011b se z\u00e1vod bude jmenovat Vyso\u010dina Ar\u00e9na Tour \u010cesk\u00e9 Spo\u0159itelny) pr\u016fb\u011b\u017en\u00e9 v\u00fdborn\u00e9 \u00a04.m\u00edsto s velmi re\u00e1lnou nad\u011bj\u00ed na celkov\u00fd bronz (ztr\u00e1c\u00ed na n\u011bj nicotn\u00e9ho 6,9 bod\u00edku&#8230;)! Doposud letos startovalo v t\u00e9to <a href=\"http:\/\/www.moravecteam.cz\/?attachment_id=9683\" rel=\"attachment wp-att-9683\"><img decoding=\"async\" loading=\"lazy\" class=\"size-full wp-image-9683 alignright\" title=\"Lucinka Koudelkov\u00e1, ve Znojm\u011b premi\u00e9rov\u00e9 na Kp\u017d bronzov\u00e1!\" alt=\"IMG_20170909_104441[1]a\" src=\"http:\/\/www.moravecteam.cz\/wp-content\/uploads\/2017\/09\/IMG_20170909_1044411a.jpg\" width=\"210\" height=\"280\" \/><\/a>kategorii 246(!) d\u011bv\u010dat&#8230;Dva z\u00e1vody p\u0159ed koncem seri\u00e1lu je pozoruhodn\u00e9 \u00a0i celkov\u00e9 7. m\u00edsto Luciina o m\u00e1lo star\u0161\u00edho bratra &#8211; Maty\u00e1\u0161e Koudelky. &#8222;Maty&#8220; je celkov\u011b na 7. m\u00edst\u011b, kdy\u017e si doposud vyjel 564,10 bod\u016f a na bronzov\u00fd stup\u00ednek 74,90 bodu. Nejsem v\u016fbec zdatn\u00fd v bodov\u00e9m syst\u00e9mu t\u00e9to sout\u011b\u017ee, laicky ale odhaduji, \u017ee Maty\u00e1\u0161k\u016fv posun sm\u011brem k medailov\u00fdm pozic\u00edm je ve zb\u00fdvaj\u00edc\u00edch dvou z\u00e1vodech tohoto seri\u00e1lu ur\u010dit\u011b mo\u017en\u00fd a jak ho &#8211; jako bojovn\u00edka na slovo vzat\u00e9ho \u00a0&#8211; zn\u00e1m, ur\u010dit\u011b ve zb\u00fdvaj\u00edc\u00edch dvou z\u00e1vodech to\u010dit bude! Pro po\u0159\u00e1dek dopln\u00edm, \u017ee &#8222;Maty&#8220; dr\u017e\u00ed celkov\u00e9 7. m\u00edsto v konkurenci 226(!) soupe\u0159\u016f.. \u00a0D\u00edky na\u0161im dv\u011bma mlad\u00fdm repro\u0161\u016fm za vzorn\u00e9 repre MORAVCE a hlubok\u00e1 vyseknut\u00e1 poklona i jejich podp\u016frn\u00e9mu rodinn\u00e9mu t\u00fdmu! Zde si ov\u011b\u0159te\u00a0<strong><a href=\"https:\/\/www.kolopro.cz\/vysledky\/detail?rid=2649&amp;srid=2106\">kompletn\u00ed v\u00fdsledkov\u00fd servis<\/a><\/strong>\u00a0tu\u0165 jsou\u00a0<strong><a href=\"https:\/\/www.kolopro.cz\/\">dal\u0161\u00ed informace k \u010cechov\u011b MTB s\u00e9rii<\/a>.<\/strong>..<\/p>\n<p style=\"text-align: justify;\">\n","protected":false},"excerpt":{"rendered":"<p>Presti\u017en\u00ed seri\u00e1l MTB maraton\u016f Kolo pro \u017eivot pokra\u010doval minulou sobotu dal\u0161\u00edm z\u00e1vodem ve Znojm\u011b, samoz\u0159ejm\u011b za \u00fa\u010dasti na\u0161ich barev! Koudelkovic \u00fadern\u00e1 &#8222;family&#8220; si letos vzala Kp\u017d za svou a krok za krokem postupuje touto s\u00e9ri\u00ed vst\u0159\u00edc nejvy\u0161\u0161\u00edm met\u00e1m. A u\u017e na jednom z nejji\u017en\u011bj\u0161\u00edch c\u00edp\u016f Ji\u017en\u00ed Moravy to s p\u0159edstihem medailov\u011b zacinkalo! Bravo MORAVEC! Lucinka &hellip; <a href=\"https:\/\/www.moravecteam.cz\/?p=9651\" class=\"more-link\">Pokra\u010dov\u00e1n\u00ed textu <span class=\"screen-reader-text\">Bronz ze Znojma!<\/span> <span class=\"meta-nav\">&rarr;<\/span><\/a><\/p>\n","protected":false},"author":3,"featured_media":9670,"comment_status":"open","ping_status":"closed","sticky":false,"template":"","format":"standard","meta":[],"categories":[1],"tags":[],"_links":{"self":[{"href":"https:\/\/www.moravecteam.cz\/index.php?rest_route=\/wp\/v2\/posts\/9651"}],"collection":[{"href":"https:\/\/www.moravecteam.cz\/index.php?rest_route=\/wp\/v2\/posts"}],"about":[{"href":"https:\/\/www.moravecteam.cz\/index.php?rest_route=\/wp\/v2\/types\/post"}],"author":[{"embeddable":true,"href":"https:\/\/www.moravecteam.cz\/index.php?rest_route=\/wp\/v2\/users\/3"}],"replies":[{"embeddable":true,"href":"https:\/\/www.moravecteam.cz\/index.php?rest_route=%2Fwp%2Fv2%2Fcomments&post=9651"}],"version-history":[{"count":22,"href":"https:\/\/www.moravecteam.cz\/index.php?rest_route=\/wp\/v2\/posts\/9651\/revisions"}],"predecessor-version":[{"id":9688,"href":"https:\/\/www.moravecteam.cz\/index.php?rest_route=\/wp\/v2\/posts\/9651\/revisions\/9688"}],"wp:featuredmedia":[{"embeddable":true,"href":"https:\/\/www.moravecteam.cz\/index.php?rest_route=\/wp\/v2\/media\/9670"}],"wp:attachment":[{"href":"https:\/\/www.moravecteam.cz\/index.php?rest_route=%2Fwp%2Fv2%2Fmedia&parent=9651"}],"wp:term":[{"taxonomy":"category","embeddable":true,"href":"https:\/\/www.moravecteam.cz\/index.php?rest_route=%2Fwp%2Fv2%2Fcategories&post=9651"},{"taxonomy":"post_tag","embeddable":true,"href":"https:\/\/www.moravecteam.cz\/index.php?rest_route=%2Fwp%2Fv2%2Ftags&post=9651"}],"curies":[{"name":"wp","href":"https:\/\/api.w.org\/{rel}","templated":true}]}}