{"id":9700,"date":"2017-09-18T23:44:46","date_gmt":"2017-09-18T21:44:46","guid":{"rendered":"http:\/\/www.moravecteam.cz\/?p=9700"},"modified":"2017-09-19T01:24:54","modified_gmt":"2017-09-18T23:24:54","slug":"kninicka-vodni-lazen","status":"publish","type":"post","link":"https:\/\/www.moravecteam.cz\/?p=9700","title":{"rendered":"Kn\u00ednick\u00e1 vodn\u00ed l\u00e1ze\u0148&#8230;"},"content":{"rendered":"<p style=\"text-align: justify;\"><span style=\"color: #800000;\"><strong>P\u0159edposledn\u00ed MTB &#8222;Vrchovina&#8220;, kterou vzorn\u011b pohostil M\u011bstys Kn\u00ednice, byla v\u00fdjime\u010dn\u00e1 p\u0159edev\u0161\u00edm ze dvou pohled\u016f: jelo se zde historicky poprv\u00e9 a letos poprv\u00e9 si bike\u0159i (a nejen oni) u\u017eili po cel\u00fd den de\u0161tiv\u00e9ho, vlhk\u00e9ho po\u010das\u00ed. U\u017e ani nepamatujeme, kdy skute\u010dn\u011b pr\u0161elo v pr\u016fb\u011bhu cel\u00e9ho z\u00e1vodn\u00edho dne tak, \u017ee kapek nebyla u\u0161et\u0159ena \u017e\u00e1dn\u00e1 z vypsan\u00fdch kategori\u00ed&#8230; Ale pro r\u016fst mlad\u00fdch biker\u016f, pro kter\u00e9 p\u0159edv\u0161\u00edm je MTB &#8222;Vrchovina&#8220; ur\u010dena, nebylo v\u016fbec \u0161patn\u00e9 zaz\u00e1vodit si na ter\u00e9nech,kter\u00e9 sice nejsou tak b\u011b\u017en\u00e9, kter\u00fdm se ale v pr\u016fb\u011bhu sv\u00e9 z\u00e1vodnick\u00e9 kari\u00e9ry tak jako tak &#8211; nevyhnou&#8230; No a \u017ee i na n\u00e1ro\u010dn\u00fdch, kluzk\u00fdch a b\u00e1tiv\u00fdch trat\u00edch rajd\u0159i MORAVEC Teamu vynikali, n\u00e1s samoz\u0159ejm\u011b m\u00f3\u00f3\u00f3c pot\u011b\u0161ilo!<\/strong><\/span><\/p>\n<figure id=\"attachment_9716\" aria-describedby=\"caption-attachment-9716\" style=\"width: 805px\" class=\"wp-caption alignnone\"><a href=\"http:\/\/www.moravecteam.cz\/?attachment_id=9716\" rel=\"attachment wp-att-9716\"><img decoding=\"async\" loading=\"lazy\" class=\" wp-image-9716\" alt=\"047\" src=\"http:\/\/www.moravecteam.cz\/wp-content\/uploads\/2017\/09\/047.jpg\" width=\"805\" height=\"732\" srcset=\"https:\/\/www.moravecteam.cz\/wp-content\/uploads\/2017\/09\/047.jpg 805w, https:\/\/www.moravecteam.cz\/wp-content\/uploads\/2017\/09\/047-300x272.jpg 300w\" sizes=\"(max-width: 805px) 100vw, 805px\" \/><\/a><figcaption id=\"caption-attachment-9716\" class=\"wp-caption-text\">Z\u00e1vod d\u00edvek do 6 let kr\u00e1tce po startu. Borky MORAVEC Teamu \u00fato\u010d\u00ed!<\/figcaption><\/figure>\n<p style=\"text-align: justify;\">Celkem 9x jsme se v Kn\u00ednic\u00edch radovali ze zisku mety nejvy\u0161\u0161\u00ed! Nejen, \u017ee jsme ovl\u00e1dli v\u00edt\u011bzn\u011b rovnou polovinu kategori\u00ed, ale tato zlat\u00e1 \u017ee\u0148 byla z\u00e1rove\u0148 letos pro MORAVEC Team i rekordn\u00ed. Bohatou sobotu pro n\u00e1s odstartovala jist\u00fdm v\u00edt\u011bzstv\u00edm na sv\u00e9m odr\u00e1\u017eedla <span style=\"color: #800000;\"><strong>Leonka Eclerov\u00e1<\/strong><\/span>, kter\u00e1 se tak sv\u00fdm dal\u0161\u00edm triumfem u\u017e hodn\u011b p\u0159ibl\u00ed\u017eila i celkov\u00e9mu prvenstv\u00ed! \u017de jsou na\u0161e d\u00edvky letos hodn\u011b medailov\u011b p\u0159i\u010dinliv\u00e9, to potvrdily v n\u00e1sledn\u00e9m startu kategorie do 6 let <strong><span style=\"color: #800000;\">Zitu\u0161ka \u017dern\u00ed\u010dkov\u00e1<\/span><\/strong> s <strong><span style=\"color: #800000;\">Ad\u00e9lkou V\u011brnou<\/span><\/strong>. Holky vybojovaly na skute\u010dn\u011b pro tento v\u011bk hodn\u011b n\u00e1ro\u010dn\u00e9 trati \u00a0cenn\u00e9 st\u0159\u00edbro a bronz, kdy\u017e nesta\u010dily pouze na ji\u017e jistou celkovou v\u00edt\u011bzku, Terku Hrazdilovou z Brna. Souboji o bronz, mezi Ad\u00e9lkou V\u011brnou a Ver\u010dou \u0160af\u00e1\u0159ovoubyl pak jedn\u00edm z vrchol\u016f kn\u00ednick\u00e9 race! A i do t\u0159etice to byla na\u0161e d\u011bv\u010data, kter\u00e1 roz\u0161\u00ed\u0159ila \u00a0na\u0161i medailovou sb\u00edrku je\u0161t\u011b v prvn\u00edm bloku start\u016f. Resp. d\u00edvka, jedna, a to <strong><span style=\"color: #800000;\">Just\u00fdnka Novotn\u00e1<\/span><\/strong>, kter\u00e1 tentokr\u00e1t svoji leto\u0161n\u00ed tradi\u010dn\u00ed soupe\u0159ku, \u0161ikovnou \u017danetku Kupskou z Doln\u00edch Kounic, porazila s p\u0159evahou patn\u00e1cti vte\u0159in! Na prvn\u00ed slavnostn\u00ed ceremoni\u00e1l jsme se za dan\u00e9 medailov\u00e9 \u00farody t\u011b\u0161ili zcela opr\u00e1vn\u011bn\u011b! A ocen\u011bn\u00ed na\u0161im z rukou na\u0161ich kamar\u00e1d\u016f, <strong><span style=\"color: #800000;\">Mirky V\u00edtkov\u00e9<\/span><\/strong> a <span style=\"color: #800000;\"><strong>Jardy Kla\u0161ky<\/strong> <\/span>h\u0159\u00e1lo v sychrav\u00e9m, vlhk\u00e9m dni dvojn\u00e1sob&#8230;<\/p>\n<figure id=\"attachment_9717\" aria-describedby=\"caption-attachment-9717\" style=\"width: 721px\" class=\"wp-caption alignnone\"><a href=\"http:\/\/www.moravecteam.cz\/?attachment_id=9717\" rel=\"attachment wp-att-9717\"><img decoding=\"async\" loading=\"lazy\" class=\" wp-image-9717\" alt=\"070\" src=\"http:\/\/www.moravecteam.cz\/wp-content\/uploads\/2017\/09\/070.jpg\" width=\"721\" height=\"557\" srcset=\"https:\/\/www.moravecteam.cz\/wp-content\/uploads\/2017\/09\/070.jpg 721w, https:\/\/www.moravecteam.cz\/wp-content\/uploads\/2017\/09\/070-300x231.jpg 300w\" sizes=\"(max-width: 721px) 100vw, 721px\" \/><\/a><figcaption id=\"caption-attachment-9717\" class=\"wp-caption-text\">D\u011bv\u010data 7-8 let p\u0159ipravena do akce! Zleva na\u0161e Just\u00fdnka, Lucinka a Magdal\u00e9nka.<\/figcaption><\/figure>\n<p style=\"text-align: justify;\">&#8222;Namlsan\u00ed&#8220; dopoledn\u00edmi \u00fasp\u011bchy jsme &#8211; d\u00e9\u0161\u0165 \/ ned\u00e9\u0161\u0165 &#8211; vyhl\u00ed\u017eeli s obdobn\u00fdmi nad\u011bjemi i p\u0159edpoledn\u00ed blok start\u016f. V hodn\u011b v\u00fdsledkov\u011b doposud &#8222;zamotan\u00e9&#8220; kategorii d\u00edvek 9-10 let jsme pevn\u011b v\u011b\u0159ili, \u017ee sextet na\u0161ich d\u011bv\u010dat tentokr\u00e1t udol\u00e1 skv\u011blou otrokovickou Ani\u010dku Hude\u010dkovou. Bohu\u017eel se tak nestalo&#8230; <strong><span style=\"color: #800000;\">Ani\u010dka Han\u00e1kov\u00e1<\/span><\/strong>, kter\u00e9 se letos u\u017e n\u011bkolikr\u00e1t poda\u0159ilo svoji jmenovkyni z Ji\u017en\u00ed Moravy porazit, m\u011bla na kluzk\u00e9 trati p\u00e1d a byla nucena z\u00e1vod vzd\u00e1t. Krok s \u010delem (krom\u011b Hude\u010dkov\u00e9 jela op\u011bt v\u00fdborn\u011b i Nikola Brad\u00e1\u010dov\u00e1) dok\u00e1zala ale dr\u017eet dal\u0161\u00ed na\u0161e osv\u011bd\u010den\u00e1 bojovnice &#8211; <strong><span style=\"color: #800000;\">Am\u00e1lka Gottwaldov\u00e1<\/span><\/strong>, kter\u00e9 nakonec bronz v c\u00edli moc slu\u0161el! Tato kategorie je i po Kn\u00ednick\u00e9m z\u00e1vod\u011b p\u0159ed fin\u00e1le v Boskovic\u00edch v celkov\u00e9m po\u0159ad\u00ed z\u00e1vodnic snad nejnap\u00ednav\u011bj\u0161\u00ed a my m\u00e1me radost, \u017ee z kvarteta uchaze\u010dek o prvenstv\u00ed jsou st\u00e1le ve h\u0159e ob\u011b na\u0161e v\u00fd\u0161e zm\u00edn\u011bn\u00e9 d\u00edvky! Snad to dopadne!<\/p>\n<figure id=\"attachment_9718\" aria-describedby=\"caption-attachment-9718\" style=\"width: 2048px\" class=\"wp-caption alignnone\"><a href=\"http:\/\/www.moravecteam.cz\/?attachment_id=9718\" rel=\"attachment wp-att-9718\"><img decoding=\"async\" loading=\"lazy\" class=\" wp-image-9718\" alt=\"IMG_1520\" src=\"http:\/\/www.moravecteam.cz\/wp-content\/uploads\/2017\/09\/IMG_15201.jpg\" width=\"2048\" height=\"962\" srcset=\"https:\/\/www.moravecteam.cz\/wp-content\/uploads\/2017\/09\/IMG_15201.jpg 2048w, https:\/\/www.moravecteam.cz\/wp-content\/uploads\/2017\/09\/IMG_15201-300x140.jpg 300w, https:\/\/www.moravecteam.cz\/wp-content\/uploads\/2017\/09\/IMG_15201-1024x481.jpg 1024w\" sizes=\"(max-width: 2048px) 100vw, 2048px\" \/><\/a><figcaption id=\"caption-attachment-9718\" class=\"wp-caption-text\">Skute\u010dn\u00e9 drama p\u0159inesl z\u00e1vod d\u00edvek 9-10 let, ve kter\u00e9m se na start postavilo hned 6 d\u011bv\u010dat MORAVEC Teamu!<\/figcaption><\/figure>\n<p style=\"text-align: justify;\">Doslova koncert bikov\u00e9ho virtuoza, \u00a0v podob\u011b dokonal\u00e9 j\u00edzdy na t\u011b\u017ek\u00e9, de\u0161t\u011bm poznamenan\u00e9 trati, p\u0159edvedl ve startu mlad\u0161\u00edch \u017e\u00e1k\u016f n\u00e1\u0161 <strong><span style=\"color: #800000;\">Roman \u0160indel\u00e1\u0159<\/span><\/strong>. Jeho suver\u00e9nn\u00ed v\u00edt\u011bzstv\u00ed a p\u0159edev\u0161\u00edm udivuj\u00edc\u00ed jistota na nejist\u00e9m ter\u00e9nu, to p\u0159\u00edtomn\u00e9 skute\u010dn\u011b uchv\u00e1tilo! Roman potvrdil, \u017ee je po technick\u00e9 str\u00e1nce \u00a0prvot\u0159\u00eddn\u00edm bikerem a v\u00fdhrou v Kn\u00ednic\u00edch (vyhr\u00e1l letos u\u017e po p\u00e1t\u00e9) se hodn\u011b p\u0159ibl\u00ed\u017eil i celkov\u00e9mu prvenstv\u00ed! Pra\u017e\u00e1dnou \u0161anci nedala v sobotu soupe\u0159k\u00e1m ve stejn\u00e9 kategorii d\u011bv\u010dat ani dal\u0161\u00ed na\u0161e spolehliv\u00e1 reprezentntka, <strong><span style=\"color: #800000;\">Eli\u0161ka Han\u00e1kov\u00e1<\/span><\/strong>. Vyhr\u00e1la ketos na MTB &#8222;Vrchovin\u011b&#8220; v\u0161echny z\u00e1vody a bude zaj\u00edmav\u00e9 se pod\u00edvat do archivu patn\u00e1ctilet\u00e9 historie seri\u00e1lu, zda m\u00e1 obdobn\u00e9 v\u00edt\u011bzn\u00e9 ta\u017een\u00ed n\u011bkoho &#8211; obdobu? V z\u00e1v\u011bru druh\u00e9ho bloku start\u016f n\u00e1m stihnuly ud\u011blat je\u0161t\u011b velkou radost i star\u0161\u00ed \u017e\u00e1kyn\u011b. <strong><span style=\"color: #800000;\">Krist\u00fdna Kol\u00e1\u0159ov\u00e1<\/span><\/strong> obh\u00e1jila svoje velenovsk\u00e9 prvenstv\u00ed a po skv\u011bl\u00e9m v\u00fdkonu vydolovala z kn\u00ednick\u00e9ho bahna zaslu\u017een\u00fd bronz <strong><span style=\"color: #800000;\">Kl\u00e1ra Odehnalov\u00e1<\/span><\/strong>!<\/p>\n<figure id=\"attachment_9719\" aria-describedby=\"caption-attachment-9719\" style=\"width: 763px\" class=\"wp-caption alignnone\"><a href=\"http:\/\/www.moravecteam.cz\/?attachment_id=9719\" rel=\"attachment wp-att-9719\"><img decoding=\"async\" loading=\"lazy\" class=\" wp-image-9719\" alt=\"IMG_1547\" src=\"http:\/\/www.moravecteam.cz\/wp-content\/uploads\/2017\/09\/IMG_1547.jpg\" width=\"763\" height=\"804\" srcset=\"https:\/\/www.moravecteam.cz\/wp-content\/uploads\/2017\/09\/IMG_1547.jpg 763w, https:\/\/www.moravecteam.cz\/wp-content\/uploads\/2017\/09\/IMG_1547-25x25.jpg 25w, https:\/\/www.moravecteam.cz\/wp-content\/uploads\/2017\/09\/IMG_1547-284x300.jpg 284w\" sizes=\"(max-width: 763px) 100vw, 763px\" \/><\/a><figcaption id=\"caption-attachment-9719\" class=\"wp-caption-text\">Roman \u0160indel\u00e1\u0159 v Kn\u00ednic\u00edch p\u0159edvedl, \u017ee &#8222;na vod\u011b&#8220; um\u00ed!<\/figcaption><\/figure>\n<p style=\"text-align: justify;\">Bez jak\u00e9hokoli n\u00e1znaku na zlep\u0161en\u00ed de\u0161tiv\u00e9ho, vlhk\u00e9ho po\u010das\u00ed se p\u016fldruh\u00e9 hodiny po poledni vydali na tra\u0165 v r\u00e1mci posledn\u00edho bloku start\u016f juniorsk\u00e9, kadetsk\u00e9 a dosp\u011bl\u00e9 kategorie. A na\u0161e barvy byly op\u011bt hodn\u011b vid\u011bt! Hattrick, (vlastn\u011b Qatrick?) jsme si vychutnali d\u00edky na\u0161im junior\u016fm \/ kadet\u016fm. V\u00fdkon <strong><span style=\"color: #800000;\">Honzy&#8220;D\u017eonyho&#8220; \u0160indel\u00e1\u0159e<\/span> <\/strong>tak\u00e9 musel v\u0161echny p\u0159\u00edtomn\u00e9 uchv\u00e1tit! &#8222;D\u017eony&#8220; na trati, kter\u00e1 byla s postupem \u010dasu \u010d\u00edm d\u00e1l h\u016f\u0159 jeteln\u00e1, doslova l\u00e9tal, dr\u017eel krok i se suver\u00e9nn\u00edm &#8222;eli\u0165\u00e1kem&#8220; Jirkou O\u0161\u0165\u00e1dalem a v c\u00edli se pak mohl radovat z p\u0159esv\u011bd\u010div\u00e9ho v\u00edt\u011bzstv\u00ed p\u0159ed sv\u00fdmi t\u0159emi (!) t\u00fdmov\u00fdmi kolegy. \u00a0Ti se za n\u00edm poskl\u00e1dali v po\u0159ad\u00ed: <strong><span style=\"color: #800000;\">Petr \u0160ich, V\u00ed\u0165a Such\u00e1nek a Karel Vinick\u00fd<\/span><\/strong> (ji\u017e jist\u00fd celkov\u00fd v\u00edt\u011bz t\u00e9to kategorie). Dost dobr\u00fd&#8230;<\/p>\n<figure id=\"attachment_9711\" aria-describedby=\"caption-attachment-9711\" style=\"width: 1466px\" class=\"wp-caption alignnone\"><a href=\"http:\/\/www.moravecteam.cz\/?attachment_id=9711\" rel=\"attachment wp-att-9711\"><img decoding=\"async\" loading=\"lazy\" class=\" wp-image-9711\" alt=\"IMG_1680\" src=\"http:\/\/www.moravecteam.cz\/wp-content\/uploads\/2017\/09\/IMG_1680.jpg\" width=\"1466\" height=\"1301\" srcset=\"https:\/\/www.moravecteam.cz\/wp-content\/uploads\/2017\/09\/IMG_1680.jpg 1466w, https:\/\/www.moravecteam.cz\/wp-content\/uploads\/2017\/09\/IMG_1680-300x266.jpg 300w, https:\/\/www.moravecteam.cz\/wp-content\/uploads\/2017\/09\/IMG_1680-1024x908.jpg 1024w\" sizes=\"(max-width: 1466px) 100vw, 1466px\" \/><\/a><figcaption id=\"caption-attachment-9711\" class=\"wp-caption-text\">Na\u0161 madailv\u00e1 radost v z\u00e1vod\u011b star\u0161\u00edch \u017e\u00e1ky\u0148. Zlato pro Krist\u00fdnku, bronz pat\u0159\u00ed Kl\u00e1rce!<\/figcaption><\/figure>\n<p style=\"text-align: justify;\">Stejn\u011b mlad\u00e9 d\u00edvky se postarali v sestav\u011b <strong><span style=\"color: #800000;\">Anna Zem\u00e1nkov\u00e1<\/span><\/strong> &#8211; <span style=\"color: #800000;\"><strong>Monika Kone\u010dn\u00e1<\/strong> <\/span>o dal\u0161\u00ed zlato a bronz a v\u0161e pro n\u00e1s v\u00fdsledkov\u011b skv\u011ble zavr\u0161ili na\u0161i v\u00fdborn\u00ed veter\u00e1ni: &#8222;mast\u0159i dvojka\u0159i&#8220; <strong><span style=\"color: #800000;\">Martin Gottwald<\/span><\/strong> s <strong><span style=\"color: #800000;\">Honzou \u0160indel\u00e1\u0159em<\/span><\/strong> vybojovali pro MORAVEC Team cenn\u00fd &#8222;double&#8220; a zlatem se bl\u00fdskl i bravurn\u00ed stavitel kn\u00ednick\u00fdch trat\u00ed &#8211; <strong><span style=\"color: #800000;\">Vlast\u00edk Odehnal<\/span><\/strong> v z\u00e1vod\u011b kategorie Masters III, kter\u00fd v z\u00e1vod\u011b musel ct\u00edt legend\u00e1rn\u00ed souslov\u00ed: &#8222;Jak\u00fd si to ud\u011bl\u00e1\u0161, takov\u00fd to m\u00e1\u0161&#8230;&#8220;! Opravdu hodn\u011b poveden\u00fd z\u00e1vod maj\u00ed za sebou jezdci MORAVEC Teamu! \u00a0Krom\u011b \u00factyhodn\u00fdch 17 medail\u00ed (9 zlat\u00fdch, 3 st\u0159\u00edbrn\u00e9 a 5 bronzov\u00fdch) je t\u0159eba zm\u00ednit i \u0161est um\u00edst\u011bn\u00ed t\u011bsn\u011b &#8222;pod bednou&#8220;&#8230; A i tato 4. m\u00edsta (<span style=\"color: #800000;\"><strong>Tonda Han\u00e1k, Jirka Zav\u0159el, Lucka Gottwaldov\u00e1, Ad\u00e9lka Zav\u0159elov\u00e1, Karel Vinick\u00fd a \u00a0Franta Pad\u011bra<\/strong><\/span>), vyv\u00e1l\u010den\u00e1 v kn\u00ednick\u00fdch bahenn\u00edch l\u00e1zn\u00edch, maj\u00ed svoji velkou cenu! Zde mrkn\u011bte na bravurn\u00ed v\u00fdsledkov\u00fd souhrn na\u0161ich:<\/p>\n<ul>\n<li>\n<div style=\"text-align: justify;\">Zlat\u00e9 placky zdob\u00ed hrudn\u00ed\u010dky a hrudn\u00edky:\u00a0<span style=\"color: #ff6600;\"><strong>Leony Eclerov\u00e9<\/strong><\/span>\u00a0(odr\u00e1\u017eedla) \/ 1., <strong><span style=\"color: #ff6600;\">\u00a0Just\u00fdnky Novotn\u00e9<\/span><\/strong>\u00a0(7-8 let) \/ 1., <strong><span style=\"color: #ff6600;\">Romana \u0160indel\u00e1\u0159e<\/span><\/strong> (11-12 let) \/ 1., <span style=\"color: #ff6600;\"><strong>Eli\u0161ky Han\u00e1kov\u00e9<\/strong><\/span>\u00a0(11-12 let) \/ 1. &#8211; jist\u00e1 celkov\u00e1 v\u00edt\u011bzka,\u00a0\u00a0<strong><span style=\"color: #ff6600;\">Krist\u00fdny Kol\u00e1\u0159ov\u00e9<\/span><\/strong>\u00a0\u00a0(13-14 let) \/ 1., <strong><span style=\"color: #ff6600;\">Honzy &#8222;D\u017eonyho&#8220; \u0160indel\u00e1\u0159e<\/span><\/strong> (junio\u0159i \/ kadeti) \/ 5, <strong><span style=\"color: #ff6600;\">Anny Zem\u00e1nkov\u00e9<\/span><\/strong> (juniorky \/ kadetky) \/ 1., <span style=\"color: #ff6600;\"><strong>Martina Gottwalda<\/strong><\/span>\u00a0(Masters II) \/ 1. &#8211; jist\u00fd celkov\u00fd v\u00edt\u011bz,\u00a0<span style=\"color: #ff6600;\"><strong>Vlastimila Odehnala<\/strong><\/span>\u00a0(Masters III) \/ 1. &#8211; jist\u00fd celkov\u00fd v\u00edt\u011bz.<\/div>\n<\/li>\n<li style=\"text-align: justify;\">Ze st\u0159\u00edbra se t\u011b\u0161\u00ed:\u00a0<strong><span style=\"color: #808080;\">Zitu\u0161ka \u017dern\u00ed\u010dkov\u00e1<\/span> <\/strong>\u00a0(do 6 let) \/ 2., <strong><span style=\"color: #808080;\">Petr \u0160ich<\/span> <\/strong>(junio\u0159i \/ kadeti) \/ 3., \u00a0<strong><span style=\"color: #808080;\">Honza \u00a0\u0160indel\u00e1\u0159<\/span><\/strong>\u00a0(Masters II) \/ 3.<\/li>\n<li style=\"text-align: justify;\">Bronz pat\u0159\u00ed:\u00a0<strong><span style=\"color: #800000;\">Ad\u00e9lce V\u011brn\u00e9\u00a0<\/span><\/strong>\u00a0(do 6 let) \/ 3.,\u00a0<strong><span style=\"color: #800000;\">Am\u00e1lce Gottwaldov\u00e9<\/span> <\/strong>(9-10 let) \/ 1.,\u00a0<strong><span style=\"color: #800000;\">Kl\u00e1\u0159e Odehnalov\u00e9<\/span><\/strong> (13-14 let) \/ 4, <strong><span style=\"color: #800000;\">V\u00ed\u0165ovi Such\u00e1nkovi<\/span> <\/strong>\u00a0(junio\u0159i \/ kadeti) \/ 4. a <strong><span style=\"color: #800000;\">Monice Kone\u010dn\u00e9<\/span><\/strong> (juniorky \/ kadetky) \/ 4.<\/li>\n<\/ul>\n<figure id=\"attachment_9714\" aria-describedby=\"caption-attachment-9714\" style=\"width: 748px\" class=\"wp-caption alignnone\"><a href=\"http:\/\/www.moravecteam.cz\/?attachment_id=9714\" rel=\"attachment wp-att-9714\"><img decoding=\"async\" loading=\"lazy\" class=\" wp-image-9714\" alt=\"IMG_1786\" src=\"http:\/\/www.moravecteam.cz\/wp-content\/uploads\/2017\/09\/IMG_1786.jpg\" width=\"748\" height=\"929\" srcset=\"https:\/\/www.moravecteam.cz\/wp-content\/uploads\/2017\/09\/IMG_1786.jpg 748w, https:\/\/www.moravecteam.cz\/wp-content\/uploads\/2017\/09\/IMG_1786-241x300.jpg 241w\" sizes=\"(max-width: 748px) 100vw, 748px\" \/><\/a><figcaption id=\"caption-attachment-9714\" class=\"wp-caption-text\">&#8222;Kdybych tak dostal pod ruku toho, kdo ty trat\u011b stav\u011bl&#8230;&#8220; , \u0159ekl s nads\u00e1zkou po z\u00e1vod\u011b Vlast\u00edk Odehnal&#8230;<\/figcaption><\/figure>\n<p style=\"text-align: justify;\"><span style=\"text-align: justify;\">Z v\u00fdsledkov\u00fdch listin pr\u016fb\u011b\u017e\u00e9ho po\u0159ad\u00ed je po Velk\u00e9 cen\u011b M\u011bstyse Kn\u00ednice jasn\u00e9, \u017ee k clkov\u00e9mu prvenstv\u00ed chyb\u00ed u\u017e jen kr\u016f\u010dek Leonce Eclerov\u00e9, Just\u00fdnce Novotn\u00e9, Romanu \u0160indel\u00e1\u0159ovi a Krist\u00fdn\u011b Kol\u00e1\u0159ov\u00e9. Ze zlat\u00e9ho poh\u00e1ru se budeme radovat ur\u010dit\u011b v kategorii juniorek \/ kadetek, p\u0159i\u010dem\u017e Boskovice pouze odpov\u00ed na ot\u00e1zku, kter\u00e1 z na\u0161ich d\u011bv\u010dat (Jana Tesa\u0159ov\u00e1, Anna Zem\u00e1nkov\u00e1) to bude? Ve h\u0159e o celkov\u00e9 prvenstv\u00ed jsou v nejdramati\u010dt\u011bj\u0161\u00ed kategorii d\u00edvek 9-10 let dala\u0161\u00ed dv\u011b na\u0161e holky &#8211; Anna Han\u00e1kov\u00e1 s Am\u00e1lkou Gottwaldovou. A\u0165 u\u017e to dopadne v Boskovic\u00edch jakkoli, u\u017e te\u010f je jist\u00e9, \u017ee i v kronice 16. ro\u010dn\u00edku MTB &#8222;Vrchoviny&#8220; bude MORAVEC Team zaps\u00e1n zlat\u00fdm p\u00edsmem&#8230; D\u00edky v\u0161em za state\u010dn\u00e9 a srdnat\u00e9 v\u00fdkony v Kn\u00ednic\u00edch, k po\u010detn\u00e9 komunit\u011b na\u0161ich medailist\u016f let\u00ed na\u0161e gratulova\u010dka! Speci\u00e1ln\u00ed d\u00edky pat\u0159\u00ed <\/span><strong style=\"text-align: justify;\"><span style=\"color: #800000;\">Vlast\u00edkovi Odehnalovi<\/span><\/strong><span style=\"text-align: justify;\"> a <\/span><strong style=\"text-align: justify;\"><span style=\"color: #800000;\">Vlast\u00edkovi Sedl\u00e1kovi<\/span><\/strong><span style=\"text-align: justify;\">, kte\u0159\u00ed ve spoupr\u00e1ci se sv\u011bdomit\u00fdm \u0159editelem z\u00e1vodu, <\/span><strong style=\"text-align: justify;\"><span style=\"color: #800000;\">Vl\u00e1\u010fou Janovsk\u00fdm<\/span><\/strong><span style=\"text-align: justify;\">, &#8222;maj\u00ed na sv\u011bdom\u00ed&#8220; kr\u00e1sn\u00e9 a hodn\u011b rajdry pochv\u00e1len\u00e9 \u00a0kn\u00ednick\u00e9 trat\u011b, kter\u00e9 ji\u017e maj\u00ed i p\u0159il\u00e9havou a v\u00fdsti\u017enou p\u0159ezd\u00edvku: Val di Sole&#8230; Zde mrkn\u011bte na <\/span><strong style=\"text-align: justify;\"><a href=\"http:\/\/vysledky.pohardrahanskevrchoviny.cz\/2017\/?page=vysledky\">kompletn\u00ed v\u00fdsledkov\u00fd servis<\/a><\/strong><span style=\"text-align: justify;\"> a tu\u0165 zas na t\u0159i bohat\u00e9 fotogalerie:<\/span><\/p>\n<ul>\n<li><strong><a href=\"http:\/\/moravecteam.rajce.idnes.cz\/2017.09.16_PDV_Kninice\/\">Fotogalerie \u010d.1<\/a><\/strong><\/li>\n<li><strong><a href=\"http:\/\/moravecteam.rajce.idnes.cz\/2017.09.16_PDV_Kninice_-_2\/\">Fotogalerie \u010d.2<\/a><\/strong><\/li>\n<li><strong><a href=\"http:\/\/moravecteam.rajce.idnes.cz\/2017.09.16_PDV_Kninice_-_3\/\">Fotogalerie \u010d.3<\/a><\/strong><\/li>\n<\/ul>\n<figure id=\"attachment_9720\" aria-describedby=\"caption-attachment-9720\" style=\"width: 951px\" class=\"wp-caption alignnone\"><a href=\"http:\/\/www.moravecteam.cz\/?attachment_id=9720\" rel=\"attachment wp-att-9720\"><img decoding=\"async\" loading=\"lazy\" class=\" wp-image-9720\" alt=\"P1210627\" src=\"http:\/\/www.moravecteam.cz\/wp-content\/uploads\/2017\/09\/P1210627.jpg\" width=\"951\" height=\"1240\" srcset=\"https:\/\/www.moravecteam.cz\/wp-content\/uploads\/2017\/09\/P1210627.jpg 951w, https:\/\/www.moravecteam.cz\/wp-content\/uploads\/2017\/09\/P1210627-230x300.jpg 230w, https:\/\/www.moravecteam.cz\/wp-content\/uploads\/2017\/09\/P1210627-785x1024.jpg 785w\" sizes=\"(max-width: 951px) 100vw, 951px\" \/><\/a><figcaption id=\"caption-attachment-9720\" class=\"wp-caption-text\">Je radost, vid\u011bt mistra p\u0159i pr\u00e1ci&#8230; Honza &#8222;D\u017eony&#8220; \u0160indel\u00e1\u0159 po kluzk\u00fdch a vlhk\u00fdch trat\u00edch v Kn\u00ednic\u00edch doslova &#8222;l\u00e9tal&#8220;!<\/figcaption><\/figure>\n","protected":false},"excerpt":{"rendered":"<p>P\u0159edposledn\u00ed MTB &#8222;Vrchovina&#8220;, kterou vzorn\u011b pohostil M\u011bstys Kn\u00ednice, byla v\u00fdjime\u010dn\u00e1 p\u0159edev\u0161\u00edm ze dvou pohled\u016f: jelo se zde historicky poprv\u00e9 a letos poprv\u00e9 si bike\u0159i (a nejen oni) u\u017eili po cel\u00fd den de\u0161tiv\u00e9ho, vlhk\u00e9ho po\u010das\u00ed. U\u017e ani nepamatujeme, kdy skute\u010dn\u011b pr\u0161elo v pr\u016fb\u011bhu cel\u00e9ho z\u00e1vodn\u00edho dne tak, \u017ee kapek nebyla u\u0161et\u0159ena \u017e\u00e1dn\u00e1 z vypsan\u00fdch kategori\u00ed&#8230; Ale &hellip; <a href=\"https:\/\/www.moravecteam.cz\/?p=9700\" class=\"more-link\">Pokra\u010dov\u00e1n\u00ed textu <span class=\"screen-reader-text\">Kn\u00ednick\u00e1 vodn\u00ed l\u00e1ze\u0148&#8230;<\/span> <span class=\"meta-nav\">&rarr;<\/span><\/a><\/p>\n","protected":false},"author":3,"featured_media":9710,"comment_status":"open","ping_status":"closed","sticky":false,"template":"","format":"standard","meta":[],"categories":[1],"tags":[],"_links":{"self":[{"href":"https:\/\/www.moravecteam.cz\/index.php?rest_route=\/wp\/v2\/posts\/9700"}],"collection":[{"href":"https:\/\/www.moravecteam.cz\/index.php?rest_route=\/wp\/v2\/posts"}],"about":[{"href":"https:\/\/www.moravecteam.cz\/index.php?rest_route=\/wp\/v2\/types\/post"}],"author":[{"embeddable":true,"href":"https:\/\/www.moravecteam.cz\/index.php?rest_route=\/wp\/v2\/users\/3"}],"replies":[{"embeddable":true,"href":"https:\/\/www.moravecteam.cz\/index.php?rest_route=%2Fwp%2Fv2%2Fcomments&post=9700"}],"version-history":[{"count":11,"href":"https:\/\/www.moravecteam.cz\/index.php?rest_route=\/wp\/v2\/posts\/9700\/revisions"}],"predecessor-version":[{"id":9728,"href":"https:\/\/www.moravecteam.cz\/index.php?rest_route=\/wp\/v2\/posts\/9700\/revisions\/9728"}],"wp:featuredmedia":[{"embeddable":true,"href":"https:\/\/www.moravecteam.cz\/index.php?rest_route=\/wp\/v2\/media\/9710"}],"wp:attachment":[{"href":"https:\/\/www.moravecteam.cz\/index.php?rest_route=%2Fwp%2Fv2%2Fmedia&parent=9700"}],"wp:term":[{"taxonomy":"category","embeddable":true,"href":"https:\/\/www.moravecteam.cz\/index.php?rest_route=%2Fwp%2Fv2%2Fcategories&post=9700"},{"taxonomy":"post_tag","embeddable":true,"href":"https:\/\/www.moravecteam.cz\/index.php?rest_route=%2Fwp%2Fv2%2Ftags&post=9700"}],"curies":[{"name":"wp","href":"https:\/\/api.w.org\/{rel}","templated":true}]}}