{"id":9723,"date":"2017-09-19T00:15:17","date_gmt":"2017-09-18T22:15:17","guid":{"rendered":"http:\/\/www.moravecteam.cz\/?p=9723"},"modified":"2017-09-23T10:29:39","modified_gmt":"2017-09-23T08:29:39","slug":"co-se-bude-dit-st38-2","status":"publish","type":"post","link":"https:\/\/www.moravecteam.cz\/?p=9723","title":{"rendered":"Co se bude d\u00edt? (ST38)-3"},"content":{"rendered":"<h5><span style=\"color: #800000;\">\u00dater\u00fd 19.9. 2017<\/span><\/h5>\n<p style=\"text-align: justify;\">Tr\u00e9nink MORAVEC Junior Team na silni\u010dn\u00edch kolech pod veden\u00edm Franti\u0161ka Pad\u011bry.\u00a0Sraz mlad\u00fdch cyklist\u016f bude\u00a0v\u00a017.00 hod\u00a0u t\u011blovi\u010dny Z\u0160 v\u00a0Bene\u0161ov\u011b.\u00a0V\u00a0p\u0159\u00edpad\u011b dotaz\u016f\u00a0kontaktujte\u00a0<strong><span style=\"color: #800000;\">Franti\u0161ka na\u00a0605 838 404.\u00a0<\/span><\/strong><\/p>\n<h5><strong><span style=\"color: #800000;\">St\u0159eda 20.9. 2017<\/span><\/strong><\/h5>\n<p style=\"text-align: justify;\">Dal\u0161\u00ed \u00a0ter\u00e9nn\u00ed tr\u00e9nink MORAVEC Junior Teamu. Sraz mlad\u00fdch biker\u016f je v 17.00 hodin ve Sportparku Boskovice &#8211; Doubravy. Tr\u00e9nink povede\u00a0<strong><span style=\"color: #800000;\">Milan Tlamka<\/span><\/strong>, v p\u0159\u00edpad\u011b dotaz\u016f ho v\u010das\u00a0kontaktujte na jeho\u00a0mobil\u00a0<span style=\"color: #800000;\"><strong>776 108 046<\/strong><\/span>.<\/p>\n<h5 style=\"text-align: justify;\"><strong><span style=\"color: #800000;\">\u010ctvrtek 21.9.2017<\/span><\/strong><\/h5>\n<p style=\"text-align: justify;\">P\u0159\u00edprava trat\u00ed fin\u00e1lov\u00e9ho z\u00e1vodu v Boskovic\u00edch. Sraz v 16.00 ve Sportparku Boskovice &#8211; Doubravy. Budou se vy\u017e\u00ednat travnat\u00e9 \u00faseky trat\u00ed a \u010distit lesn\u00ed \u00faseky z\u00e1vodn\u00edch okruh\u016f. P\u0159\u00edslu\u0161n\u00fd &#8222;vercajk&#8220; (k\u0159ovino\u0159ezy, hr\u00e1b\u011b&#8230;) si vezm\u011bte s sebou! \u010cek\u00e1m V\u00e1s v hojn\u00e9m po\u010dtu!<\/p>\n<h5 style=\"text-align: justify;\"><strong><span style=\"color: #800000;\">P\u00e1tek 22.8.2017<\/span><\/strong><\/h5>\n<p style=\"text-align: justify;\">P\u0159\u00edprava trat\u00ed fin\u00e1lov\u00e9ho z\u00e1vodu v Boskovic\u00edch. Sraz v 16.00 ve Sportparku Boskovice &#8211; Doubravy. Budou se zna\u010dit (&#8222;ml\u00edkovat&#8220;) trat\u011b. \u010cek\u00e1m V\u00e1s v hojn\u00e9m po\u010dtu!<\/p>\n<h5 style=\"text-align: justify;\"><span style=\"color: #800000;\">Sobota \u00a023.9. 2017<\/span><\/h5>\n<ul>\n<li>\n<p style=\"text-align: justify;\">MTB XCO Krajsk\u00fd p\u0159ebor ml\u00e1de\u017ee Olomouck\u00e9ho kraje.<strong>\u00a0<\/strong>Mrkn\u011bte na z\u00e1kladn\u00ed data dob\u0159e utajen\u00e9ho z\u00e1vodu: <strong><span style=\"color: #800000;\">Po\u0159adatel<\/span><\/strong> \u2013 MG Bike ve spolupr\u00e1ci se Short Bike Academy Opletal,\u00a0<span style=\"color: #800000;\"><strong>Datum kon\u00e1n\u00ed<\/strong><\/span> \u2013 sobota 23.9.2017 od 8.00 hodin,\u00a0<strong><span style=\"color: #800000;\">M\u00edsto kon\u00e1n\u00ed<\/span><\/strong> \u2013 Fort II Rad\u00edkov, za Sv. Kope\u010dkem u Olomouce<strong>,\u00a0<span style=\"color: #800000;\">Hlavn\u00ed rozhod\u010d\u00ed<\/span><\/strong> \u2013 Vladim\u00edr Opletal, <strong><span style=\"color: #800000;\">Kategorie<\/span><\/strong> \u2013 od ro\u010dn\u00edk\u016f 2010 a\u017e po ro\u010dn\u00edky 1999, <strong><span style=\"color: #800000;\">Kancel\u00e1\u0159 z\u00e1vodu<\/span><\/strong> \u2013 Fort Rad\u00edkov, registrace od 8.00 hodin, <strong><span style=\"color: #800000;\">Prvn\u00ed start<\/span><\/strong> \u2013 v 10.00 (p\u0159\u00edpravka 1), posledn\u00ed ve 14.00 (junio\u0159i), <strong><span style=\"color: #800000;\">Startovn\u00e9<\/span><\/strong> \u2013 40 K\u010d \u017e\u00e1ci, 60 K\u010d kadeti, 80 K\u010d junio\u0159i<\/p>\n<\/li>\n<li style=\"text-align: justify;\">Od 17.00 hodin &#8211; fici\u00e1ln\u00ed prohl\u00eddka trat\u00ed posledn\u00edho, patn\u00e1ct\u00e9ho z\u00e1vodu MTB Superior Poh\u00e1ru Drahansk\u00e9 vrchoviny \u00a0\u00da\u010dast a dopravu si ka\u017ed\u00fd zaji\u0161\u0165uje s\u00e1m. POZOR! Prohl\u00eddka a naj\u00ed\u017ed\u011bn\u00ed trat\u00ed je individu\u00e1ln\u00ed a nen\u00ed \u00a0ofici\u00e1ln\u00edm t\u00fdmov\u00fdm tr\u00e9ninkem!!!<\/li>\n<\/ul>\n<h5><span style=\"color: #800000;\">Ned\u011ble 24.9. 2017<\/span><\/h5>\n<p style=\"text-align: justify;\">Patn\u00e1ct\u00fd z\u00e1vod MTB Superior Poh\u00e1ru Drahansk\u00e9 vchoviny &#8211; MTB XCO &#8211; Velk\u00e1 cena Boskovic &#8211; fin\u00e1le. \u00da\u010dast a dopravu si ka\u017ed\u00fd zaji\u0161\u0165uje s\u00e1m. Zde jsou ke studiu\u00a0<a href=\"http:\/\/www.pohardrahanskevrchoviny.cz\/\"><strong>propozice<\/strong>.<\/a><\/p>\n<p>&nbsp;<\/p>\n","protected":false},"excerpt":{"rendered":"<p>\u00dater\u00fd 19.9. 2017 Tr\u00e9nink MORAVEC Junior Team na silni\u010dn\u00edch kolech pod veden\u00edm Franti\u0161ka Pad\u011bry.\u00a0Sraz mlad\u00fdch cyklist\u016f bude\u00a0v\u00a017.00 hod\u00a0u t\u011blovi\u010dny Z\u0160 v\u00a0Bene\u0161ov\u011b.\u00a0V\u00a0p\u0159\u00edpad\u011b dotaz\u016f\u00a0kontaktujte\u00a0Franti\u0161ka na\u00a0605 838 404.\u00a0 St\u0159eda 20.9. 2017 Dal\u0161\u00ed \u00a0ter\u00e9nn\u00ed tr\u00e9nink MORAVEC Junior Teamu. Sraz mlad\u00fdch biker\u016f je v 17.00 hodin ve Sportparku Boskovice &#8211; Doubravy. Tr\u00e9nink povede\u00a0Milan Tlamka, v p\u0159\u00edpad\u011b dotaz\u016f ho v\u010das\u00a0kontaktujte na &hellip; <a href=\"https:\/\/www.moravecteam.cz\/?p=9723\" class=\"more-link\">Pokra\u010dov\u00e1n\u00ed textu <span class=\"screen-reader-text\">Co se bude d\u00edt? (ST38)-3<\/span> <span class=\"meta-nav\">&rarr;<\/span><\/a><\/p>\n","protected":false},"author":3,"featured_media":9726,"comment_status":"open","ping_status":"closed","sticky":false,"template":"","format":"standard","meta":[],"categories":[11],"tags":[],"_links":{"self":[{"href":"https:\/\/www.moravecteam.cz\/index.php?rest_route=\/wp\/v2\/posts\/9723"}],"collection":[{"href":"https:\/\/www.moravecteam.cz\/index.php?rest_route=\/wp\/v2\/posts"}],"about":[{"href":"https:\/\/www.moravecteam.cz\/index.php?rest_route=\/wp\/v2\/types\/post"}],"author":[{"embeddable":true,"href":"https:\/\/www.moravecteam.cz\/index.php?rest_route=\/wp\/v2\/users\/3"}],"replies":[{"embeddable":true,"href":"https:\/\/www.moravecteam.cz\/index.php?rest_route=%2Fwp%2Fv2%2Fcomments&post=9723"}],"version-history":[{"count":6,"href":"https:\/\/www.moravecteam.cz\/index.php?rest_route=\/wp\/v2\/posts\/9723\/revisions"}],"predecessor-version":[{"id":9733,"href":"https:\/\/www.moravecteam.cz\/index.php?rest_route=\/wp\/v2\/posts\/9723\/revisions\/9733"}],"wp:featuredmedia":[{"embeddable":true,"href":"https:\/\/www.moravecteam.cz\/index.php?rest_route=\/wp\/v2\/media\/9726"}],"wp:attachment":[{"href":"https:\/\/www.moravecteam.cz\/index.php?rest_route=%2Fwp%2Fv2%2Fmedia&parent=9723"}],"wp:term":[{"taxonomy":"category","embeddable":true,"href":"https:\/\/www.moravecteam.cz\/index.php?rest_route=%2Fwp%2Fv2%2Fcategories&post=9723"},{"taxonomy":"post_tag","embeddable":true,"href":"https:\/\/www.moravecteam.cz\/index.php?rest_route=%2Fwp%2Fv2%2Ftags&post=9723"}],"curies":[{"name":"wp","href":"https:\/\/api.w.org\/{rel}","templated":true}]}}