{"id":9734,"date":"2017-09-26T00:30:58","date_gmt":"2017-09-25T22:30:58","guid":{"rendered":"http:\/\/www.moravecteam.cz\/?p=9734"},"modified":"2017-10-02T22:29:30","modified_gmt":"2017-10-02T20:29:30","slug":"co-se-bude-dit-st39-3","status":"publish","type":"post","link":"https:\/\/www.moravecteam.cz\/?p=9734","title":{"rendered":"Co se bude d\u00edt? (ST39)-2"},"content":{"rendered":"<h5><span style=\"color: #800000;\">St\u0159eda 27.9. 2017<\/span><\/h5>\n<ul>\n<li style=\"text-align: justify;\">Dal\u0161\u00ed \u00a0ter\u00e9nn\u00ed tr\u00e9nink MORAVEC Junior Teamu. Sraz mlad\u00fdch biker\u016f je v 16.30 hodin na fotbalov\u00e9m h\u0159i\u0161ti ve Valchov\u011b. Tr\u00e9nink povede\u00a0Franti\u0161ek Pad\u011bra, v p\u0159\u00edpad\u011b dotaz\u016f ho v\u010das\u00a0kontaktujte na jeho\u00a0mobil\u00a0605 838 404.<\/li>\n<li style=\"text-align: justify;\">Odjezd cyklokrosov\u00e9 roty MORAVEC Teamu na prvn\u00ed z\u00e1vod \u010cesk\u00e9ho poh\u00e1ru do Slan\u00e9ho. Velitel akce &#8211; Honza \u0160indel\u00e1\u0159 st., v p\u0159\u00edpad\u011b pot\u0159eby kontaktujte p\u0159\u00edmo jeho. Operace m\u00e1 volac\u00ed znak: <strong><span style=\"color: #800000;\">BARTOLOM\u011aJ<\/span><\/strong><\/li>\n<\/ul>\n<h5><span style=\"color: #800000;\">\u010ctvrtek 28.9.2017<\/span><\/h5>\n<p style=\"text-align: justify;\">Prvn\u00ed z\u00e1vod \u010cesk\u00e9ho poh\u00e1ru v cyklokrosu ve Slan\u00e9m. Zde mrkn\u011bte na <strong><a href=\"http:\/\/www.cyklokros.cz\/data\/web\/toitoicup\/2017\/slany_propozice_2017.pdf\">propozice<\/a><\/strong>&#8230;<\/p>\n<h5><span style=\"color: #800000;\">Sobota 30.9.2017<\/span><\/h5>\n<p style=\"text-align: justify;\"><span style=\"color: #800000;\"><span style=\"color: #000000;\">Z\u00e1vod \u00a0s\u00e9rie MTB maraton\u016f Kolo pro \u017eivot &#8211; Nov\u00e9 M\u011bsto na Morav\u011b &#8211; Vyso\u010dina ar\u00e9na. \u00da\u010dast a dopravu si ka\u017ed\u00fd zaji\u0161\u0165uje s\u00e1m. Zde jsou <span style=\"color: #339966;\"><strong><a href=\"https:\/\/www.kolopro.cz\/zavody\/detail\/506\"><span style=\"color: #339966;\">podrobnosti&#8230;<\/span><\/a><\/strong><\/span><\/span><\/span><\/p>\n<h5><span style=\"color: #993300;\">Ned\u011ble 1.10.2017<\/span><\/h5>\n<p style=\"text-align: justify;\">Odjezd a \u00fa\u010dast na druh\u00e9m\u00a0z\u00e1vod\u011b \u010cesk\u00e9ho poh\u00e1ru v cyklokrosu ve Vesel\u00ed nad Lu\u017enic\u00ed. Zde mrkn\u011bte na\u00a0<strong><a href=\"http:\/\/www.cyklokros.cz\/data\/web\/toitoicup\/2017\/veseli_propozice_2017.pdf\">propozice<\/a><\/strong>&#8230; Velitel akce &#8211; Honza \u0160indel\u00e1\u0159 st., v p\u0159\u00edpad\u011b pot\u0159eby se \u00f3d n\u011bj dozv\u00edte up\u0159es\u0148uj\u00edc\u00ed info. Operace m\u00e1 volac\u00ed znak: <span style=\"color: #800000;\"><strong>RICHMOND<\/strong><\/span><\/p>\n<p><a href=\"https:\/\/www.kolopro.cz\/zavody\/detail\/506\">\u00a0<\/a><\/p>\n","protected":false},"excerpt":{"rendered":"<p>St\u0159eda 27.9. 2017 Dal\u0161\u00ed \u00a0ter\u00e9nn\u00ed tr\u00e9nink MORAVEC Junior Teamu. Sraz mlad\u00fdch biker\u016f je v 16.30 hodin na fotbalov\u00e9m h\u0159i\u0161ti ve Valchov\u011b. Tr\u00e9nink povede\u00a0Franti\u0161ek Pad\u011bra, v p\u0159\u00edpad\u011b dotaz\u016f ho v\u010das\u00a0kontaktujte na jeho\u00a0mobil\u00a0605 838 404. Odjezd cyklokrosov\u00e9 roty MORAVEC Teamu na prvn\u00ed z\u00e1vod \u010cesk\u00e9ho poh\u00e1ru do Slan\u00e9ho. Velitel akce &#8211; Honza \u0160indel\u00e1\u0159 st., v p\u0159\u00edpad\u011b pot\u0159eby kontaktujte &hellip; <a href=\"https:\/\/www.moravecteam.cz\/?p=9734\" class=\"more-link\">Pokra\u010dov\u00e1n\u00ed textu <span class=\"screen-reader-text\">Co se bude d\u00edt? (ST39)-2<\/span> <span class=\"meta-nav\">&rarr;<\/span><\/a><\/p>\n","protected":false},"author":3,"featured_media":9740,"comment_status":"open","ping_status":"closed","sticky":false,"template":"","format":"standard","meta":[],"categories":[11],"tags":[],"_links":{"self":[{"href":"https:\/\/www.moravecteam.cz\/index.php?rest_route=\/wp\/v2\/posts\/9734"}],"collection":[{"href":"https:\/\/www.moravecteam.cz\/index.php?rest_route=\/wp\/v2\/posts"}],"about":[{"href":"https:\/\/www.moravecteam.cz\/index.php?rest_route=\/wp\/v2\/types\/post"}],"author":[{"embeddable":true,"href":"https:\/\/www.moravecteam.cz\/index.php?rest_route=\/wp\/v2\/users\/3"}],"replies":[{"embeddable":true,"href":"https:\/\/www.moravecteam.cz\/index.php?rest_route=%2Fwp%2Fv2%2Fcomments&post=9734"}],"version-history":[{"count":9,"href":"https:\/\/www.moravecteam.cz\/index.php?rest_route=\/wp\/v2\/posts\/9734\/revisions"}],"predecessor-version":[{"id":9824,"href":"https:\/\/www.moravecteam.cz\/index.php?rest_route=\/wp\/v2\/posts\/9734\/revisions\/9824"}],"wp:featuredmedia":[{"embeddable":true,"href":"https:\/\/www.moravecteam.cz\/index.php?rest_route=\/wp\/v2\/media\/9740"}],"wp:attachment":[{"href":"https:\/\/www.moravecteam.cz\/index.php?rest_route=%2Fwp%2Fv2%2Fmedia&parent=9734"}],"wp:term":[{"taxonomy":"category","embeddable":true,"href":"https:\/\/www.moravecteam.cz\/index.php?rest_route=%2Fwp%2Fv2%2Fcategories&post=9734"},{"taxonomy":"post_tag","embeddable":true,"href":"https:\/\/www.moravecteam.cz\/index.php?rest_route=%2Fwp%2Fv2%2Ftags&post=9734"}],"curies":[{"name":"wp","href":"https:\/\/api.w.org\/{rel}","templated":true}]}}