{"id":9743,"date":"2017-09-24T22:33:09","date_gmt":"2017-09-24T20:33:09","guid":{"rendered":"http:\/\/www.moravecteam.cz\/?p=9743"},"modified":"2017-09-28T13:11:41","modified_gmt":"2017-09-28T11:11:41","slug":"boskovicka-zlata-tecka","status":"publish","type":"post","link":"https:\/\/www.moravecteam.cz\/?p=9743","title":{"rendered":"Boskovick\u00e1 zlat\u00e1 te\u010dka!"},"content":{"rendered":"<p style=\"text-align: justify;\"><strong><span style=\"color: #800000;\">Druh\u00e1 n\u00e1mi letos nejost\u0159eji sledovan\u00e1 MTB s\u00e9rie (po z\u00e1vodech v r\u00e1mci \u010cesk\u00e9ho poh\u00e1ru horsk\u00fdch kol), kterou\u00a0je MTB Poh\u00e1r Drahansk\u00e9 vrchoviny, uzav\u0159ela sv\u016fj 16. ro\u010dn\u00edk minulou ned\u011bli fin\u00e1lov\u00fdm z\u00e1vodem v Boskovic\u00edch. Pro MORAVEC Team se jednalo v pravd\u011b o zlatou te\u010dku za dal\u0161\u00ed, pro n\u00e1s velmi \u00fasp\u011b\u0161nou sez\u00f3nou! Z osmn\u00e1cti\u00a0 vypsan\u00fdch kategori\u00ed jsme jich v po\u0159ad\u00ed OPEN na MTB &#8222;Vrchovin\u011b&#8220; letos ovl\u00e1dli rovnou polovinu! P\u0159i\u010dteme-li k tomu \u0161est st\u0159\u00edbrn\u00fdch a \u010dty\u0159i vybojovan\u00e9 bronzov\u00e9 poh\u00e1ry,\u00a0je celkov\u00fd sou\u010det devaten\u00e1cti cenn\u00fdch trofej\u00ed skute\u010dn\u011b \u00factyhodn\u00fd&#8230; Bravo MORAVEC!!!\u00a0<\/span><\/strong><\/p>\n<figure id=\"attachment_9762\" aria-describedby=\"caption-attachment-9762\" style=\"width: 886px\" class=\"wp-caption alignnone\"><a href=\"http:\/\/www.moravecteam.cz\/?attachment_id=9762\" rel=\"attachment wp-att-9762\"><img decoding=\"async\" loading=\"lazy\" class=\" wp-image-9762\" alt=\"DSC_9356\" src=\"http:\/\/www.moravecteam.cz\/wp-content\/uploads\/2017\/09\/DSC_9356.jpg\" width=\"886\" height=\"742\" srcset=\"https:\/\/www.moravecteam.cz\/wp-content\/uploads\/2017\/09\/DSC_9356.jpg 886w, https:\/\/www.moravecteam.cz\/wp-content\/uploads\/2017\/09\/DSC_9356-300x251.jpg 300w\" sizes=\"(max-width: 886px) 100vw, 886px\" \/><\/a><figcaption id=\"caption-attachment-9762\" class=\"wp-caption-text\">Jedna z d\u011btsk\u00fdch hv\u011bzdi\u010dek leto\u0161n\u00ed &#8222;Vrchoviny&#8220; &#8211; Just\u00fdna Novotn\u00e1. Po cel\u00fd seri\u00e1l sv\u00e1d\u011bla dechberouc\u00ed souboje se \u017danetou Kupskou&#8230;<\/figcaption><\/figure>\n<p style=\"text-align: justify;\">Bylo by asi ale tou nejv\u011bt\u0161\u00ed na\u0161\u00ed\u00a0chybou podlehnout pocitu sebeuspokojen\u00ed nebo dokonce usnout na vav\u0159\u00ednech! Z\u00e1rove\u0148 si mus\u00edme objektivn\u011b p\u0159iznat, \u017ee v lo\u0148sk\u00e9m roce vybojovaali na\u0161i rajd\u0159i o dva poh\u00e1ry v\u00edc! Zlep\u0161ovat je tedy st\u00e1le co, a ka\u017ed\u00fd z na\u0161ich z\u00e1vodn\u00edk\u016f dob\u0159e v\u00ed, kde m\u00e1 slab\u00e9 str\u00e1nky a kde je t\u0159eba na onu pov\u011bstnou &#8222;pilu&#8220; p\u0159itla\u010dit. Znakem leto\u0161n\u00ed &#8222;Vrchoviny&#8220; byl nejen pokra\u010duj\u00edc\u00ed, docela razantn\u00ed n\u00e1r\u016fst jejich aktivn\u00edch \u00fa\u010dastn\u00edk\u016f, ale n\u00e1s\u00a0je\u0161t\u011b v\u00edc\u00a0t\u011b\u0161ila i vy\u0161\u0161\u00ed z\u00e1vodnick\u00e1 kvalita, kter\u00e1 se ve startovn\u00edch\u00a0pol\u00edch jednotliv\u00fdch kategori\u00ed letos tak\u00e9 jednozna\u010dn\u011b projevila. Ob\u010das to vypadalo, jako by se tu a tam jel v r\u00e1mci &#8222;Vrchoviny&#8220; &#8222;mal\u00fd&#8220; \u010cesk\u00fd poh\u00e1r. Tento fakt je pro n\u00e1s velice cenn\u00fd. Nemus\u00edme se za kvalitn\u00edmi soupe\u0159i nikam daleko trm\u00e1cet, Ti za\u010dali houfn\u011b jezdit za n\u00e1mi\u00a0a\u00a0ka\u017ed\u00e1 na\u0161e por\u00e1\u017eka od nich\u00a0je v\u017edy motivem zlep\u0161it se na tolik, aby\u00a0m\u011bl d\u0159\u00edve nebo pozd\u011bni &#8222;na vrch&#8220; znovu MORVEC! A t\u011bch &#8222;nakl\u00e1da\u010dek&#8220;, kter\u00e9 jsme letos ob\u010das na &#8222;Vrchovin\u011b&#8220; za\u017eili, taky nebylo m\u00e1lo&#8230;<\/p>\n<figure id=\"attachment_9759\" aria-describedby=\"caption-attachment-9759\" style=\"width: 1373px\" class=\"wp-caption alignnone\"><a href=\"http:\/\/www.moravecteam.cz\/?attachment_id=9759\" rel=\"attachment wp-att-9759\"><img decoding=\"async\" loading=\"lazy\" class=\" wp-image-9759\" alt=\"DSC_9277\" src=\"http:\/\/www.moravecteam.cz\/wp-content\/uploads\/2017\/09\/DSC_9277.jpg\" width=\"1373\" height=\"721\" srcset=\"https:\/\/www.moravecteam.cz\/wp-content\/uploads\/2017\/09\/DSC_9277.jpg 1373w, https:\/\/www.moravecteam.cz\/wp-content\/uploads\/2017\/09\/DSC_9277-300x157.jpg 300w, https:\/\/www.moravecteam.cz\/wp-content\/uploads\/2017\/09\/DSC_9277-1024x537.jpg 1024w\" sizes=\"(max-width: 1373px) 100vw, 1373px\" \/><\/a><figcaption id=\"caption-attachment-9759\" class=\"wp-caption-text\">Leonka Eclerov\u00e1, primus leto\u0161n\u00ed &#8222;Vrchoviny&#8220; v kategorii odr\u00e1\u017eedel &#8211; d\u00edvek. Na fotce je Leonka zachycena kr\u00e1tce po startu boskovick\u00e9ho z\u00e1vodu.<\/figcaption><\/figure>\n<p style=\"text-align: justify;\">Vra\u0165me se ale k fin\u00e1lov\u00e9mu z\u00e1vodu v Boskovic\u00edch. Tra\u0165ov\u00e1 n\u00e1ro\u010dnost v r\u00e1mci leto\u0161n\u00ed MTB &#8222;Vrchoviny&#8220; postupn\u011b gradovala a vyvrcholila v Boskovic\u00edch, kdy\u017e\u00a0vlhk\u00e9 po\u010das\u00ed minul\u00e9ho v\u00edkendu\u00a0obt\u00ed\u017enost m\u00edstn\u00edch\u00a0okruh\u016f je\u0161t\u011b vystup\u0148ovalo. Na druhou stranu\u00a0na z\u00e1v\u011br seri\u00e1lu\u00a0m\u011bli pov\u011bt\u0161inou (nejen) na\u0161i mlad\u00ed rajd\u0159i nalad\u011bnou formu do optima, tak\u017ee to, co by leckter\u00fd el\u00e9v (a\u0165 u\u017e v jak\u00e9mkoli dresu) v dubnu je\u0161t\u011b \u00a0nazajel, v z\u00e1\u0159\u00ed u\u017e jezdil, jako by nic&#8230;\u00a0 Ned\u011bln\u00ed medailov\u00e9 ambice za\u010dali napl\u0148ovat hned po r\u00e1nu\u00a0 podle p\u0159edpoklad\u016f u\u017e <strong><span style=\"color: #800000;\">Tonda Han\u00e1k<\/span> <\/strong>s <strong><span style=\"color: #800000;\">Leonkou Eclerovou<\/span> <\/strong>na odr\u00e1\u017eedlech. I kdy\u017e nakonec &#8222;bednov\u00e1&#8220; byla jenom Leonka (Ton\u00edk skon\u010dil t\u011bsn\u011b \u010dtvrt\u00fd), splnili na\u0161i nejmlad\u0161\u00ed o\u010dek\u00e1v\u00e1n\u00ed.<\/p>\n<figure id=\"attachment_9760\" aria-describedby=\"caption-attachment-9760\" style=\"width: 1028px\" class=\"wp-caption alignnone\"><a href=\"http:\/\/www.moravecteam.cz\/?attachment_id=9760\" rel=\"attachment wp-att-9760\"><img decoding=\"async\" loading=\"lazy\" class=\" wp-image-9760\" alt=\"DSC_9307\" src=\"http:\/\/www.moravecteam.cz\/wp-content\/uploads\/2017\/09\/DSC_9307.jpg\" width=\"1028\" height=\"1147\" srcset=\"https:\/\/www.moravecteam.cz\/wp-content\/uploads\/2017\/09\/DSC_9307.jpg 1028w, https:\/\/www.moravecteam.cz\/wp-content\/uploads\/2017\/09\/DSC_9307-268x300.jpg 268w, https:\/\/www.moravecteam.cz\/wp-content\/uploads\/2017\/09\/DSC_9307-917x1024.jpg 917w\" sizes=\"(max-width: 1028px) 100vw, 1028px\" \/><\/a><figcaption id=\"caption-attachment-9760\" class=\"wp-caption-text\">Jeden z objev\u016f leto\u0161n\u00ed MTB &#8222;Vrchoviny&#8220;, protivanovsk\u00e1 Zita \u017dern\u00ed\u010dkov\u00e1, Svoje kvality potvrdila i v\u00edt\u011bzstv\u00edm v Boskovic\u00edch v kategorii d\u00edvek do 6 let.<\/figcaption><\/figure>\n<p style=\"text-align: justify;\">Zlato n\u00e1m zacinkalo hned z\u00e1hy p\u0159i startu d\u00edvek do 6 let d\u00edky <strong><span style=\"color: #800000;\">Zitu\u0161ce \u017dern\u00ed\u010dkov\u00e9<\/span><\/strong>. Jej\u00ed v\u00edt\u011bzstv\u00ed po v\u00fdborn\u00e9\u00a0j\u00edzd\u011b nijak nesni\u017euje fakt, \u017ee ji\u017e jist\u00e1 v\u00edt\u011bzka v celkov\u00e9m po\u0159ad\u00ed, Terezka Hrazdilov\u00e1 z\u00a0Brna, v ned\u011bli nestartovala. Zita svedla o prvenstv\u00ed zaj\u00edmav\u00fd souboj se sv\u00fdmi kamar\u00e1dkami, dom\u00e1c\u00ed <strong><span style=\"color: #800000;\">Verunkou \u0160af\u00e1\u0159ovou<\/span> <\/strong>(Nutrend Specialized\u00a0Racing) a\u00a0<span style=\"color: #800000;\"><strong>Ad\u00e9lkou V\u011brnou<\/strong><\/span>. K na\u0161\u00ed radosti jsme pak v\u0161echny vyjmenovan\u00e9 vid\u011bli i na &#8222;velk\u00e9m p\u00f3diu&#8220; p\u0159i vyhla\u0161ov\u00e1n\u00ed celkov\u00fdch v\u00edt\u011bzek.<\/p>\n<figure id=\"attachment_9761\" aria-describedby=\"caption-attachment-9761\" style=\"width: 1299px\" class=\"wp-caption alignnone\"><a href=\"http:\/\/www.moravecteam.cz\/?attachment_id=9761\" rel=\"attachment wp-att-9761\"><img decoding=\"async\" loading=\"lazy\" class=\" wp-image-9761\" alt=\"DSC_9316\" src=\"http:\/\/www.moravecteam.cz\/wp-content\/uploads\/2017\/09\/DSC_9316.jpg\" width=\"1299\" height=\"1090\" srcset=\"https:\/\/www.moravecteam.cz\/wp-content\/uploads\/2017\/09\/DSC_9316.jpg 1299w, https:\/\/www.moravecteam.cz\/wp-content\/uploads\/2017\/09\/DSC_9316-300x251.jpg 300w, https:\/\/www.moravecteam.cz\/wp-content\/uploads\/2017\/09\/DSC_9316-1024x859.jpg 1024w\" sizes=\"(max-width: 1299px) 100vw, 1299px\" \/><\/a><figcaption id=\"caption-attachment-9761\" class=\"wp-caption-text\">Jirka Zav\u0159el (v pravo) odstartoval boskovick\u00fd z\u00e1vod v\u00fdborn\u011b, v celkov\u00e9m hodnocen\u00ed bral v kategorii chlapc\u016f 7-8 let zaslou\u017een\u00e9 st\u0159\u00edbro!<\/figcaption><\/figure>\n<p style=\"text-align: justify;\">Z\u00e1v\u011br sez\u00f3ny zastihnul ve v\u00fdborn\u00e9 form\u011b <span style=\"color: #800000;\"><strong>Just\u00fdnu Novotnou<\/strong><\/span>, kter\u00e1 s jistotou zvl\u00e1dla bitvu o celkov\u00e9 prvenstv\u00ed v kategorii d\u00edvek 7-8 let, kdy\u017e sv\u00e9 celosez\u00f3nn\u00ed soupe\u0159ce, \u017danet\u011b Kupsk\u00e9 u\u0161t\u011bd\u0159ila por\u00e1\u017eku po Ko\u0159enci, Bo\u0159itov\u011b, Velenov\u011b a\u00a0Kn\u00ednic\u00edch i na dom\u00e1c\u00ed Boskovick\u00e9 trati! Titul \u0161ampionky Just\u00fdnce moc slu\u0161\u00ed! Pouze\u00a0p\u011bt rajdr\u016f letos na &#8222;Vrchovin\u011b&#8220; dok\u00e1zalo vyhr\u00e1t 10 a v\u00edce z\u00e1vod\u016f. A &#8222;Jus\u0165a&#8220; je jedn\u00edm z nich! Blahop\u0159ejeme! I kategorie d\u011bv\u010dat 9-10 let byla v Boskovic\u00edch st\u0159edobodem na\u0161eho z\u00e1jmu. V\u00fdborn\u011b ji letos jezdil hned sextet na\u0161ich d\u011bv\u010dat, z nich\u017e dv\u011b z nich &#8211; <strong><span style=\"color: #800000;\"><span style=\"color: #000000;\"><span style=\"color: #800000;\">Am\u00e1lka<\/span> <\/span><\/span><span style=\"color: #800000;\">Gottwaldov\u00e1<\/span><\/strong> s <strong><span style=\"color: #800000;\">Ani\u010dkou Han\u00e1kovou<\/span><\/strong> &#8211; \u00a0m\u011bla v Doubrav\u00e1ch je\u0161t\u011b\u00a0re\u00e1lnou \u0161anci vybojovat titul &#8222;Vrchovinov\u00e9&#8220; \u0161ampionky ve\u00a0 v\u016fbec nejvyrovnan\u011bj\u0161\u00ed kategorii leto\u0161n\u00edho seri\u00e1lu&#8230; A byla to hlavn\u011b\u00a0<strong><span style=\"color: #800000;\">Am\u00e1lka Gottwldov\u00e1<\/span><\/strong>, kter\u00e1 se o prvenstv\u00ed poprala velmi state\u010dn\u011b! Souboj o zlato prohr\u00e1la v Boskovic\u00edch s v\u00fdborn\u011b v z\u00e1v\u011bru sez\u00f3ny jezd\u00edc\u00ed Annou Hude\u010dkovou (TUFO CZ Otrokovice) o jednu vte\u0159inku, a i v celkov\u00e9m po\u0159ad\u00ed brala st\u0159\u00edbrn\u00fd poh\u00e1r s minim\u00e1ln\u00edm bodov\u00fdm odstupem na v\u00edt\u011bzku.<\/p>\n<figure id=\"attachment_9764\" aria-describedby=\"caption-attachment-9764\" style=\"width: 1335px\" class=\"wp-caption alignnone\"><a href=\"http:\/\/www.moravecteam.cz\/?attachment_id=9764\" rel=\"attachment wp-att-9764\"><img decoding=\"async\" loading=\"lazy\" class=\" wp-image-9764\" alt=\"DSC_9410\" src=\"http:\/\/www.moravecteam.cz\/wp-content\/uploads\/2017\/09\/DSC_9410.jpg\" width=\"1335\" height=\"1470\" srcset=\"https:\/\/www.moravecteam.cz\/wp-content\/uploads\/2017\/09\/DSC_9410.jpg 1335w, https:\/\/www.moravecteam.cz\/wp-content\/uploads\/2017\/09\/DSC_9410-272x300.jpg 272w, https:\/\/www.moravecteam.cz\/wp-content\/uploads\/2017\/09\/DSC_9410-929x1024.jpg 929w\" sizes=\"(max-width: 1335px) 100vw, 1335px\" \/><\/a><figcaption id=\"caption-attachment-9764\" class=\"wp-caption-text\">Hrdinka z\u00e1vodu d\u00edvek 9-10 let, Am\u00e1lka Gottwaldov\u00e1. Po skv\u011bl\u00e9m fini\u0161i ji v c\u00edli d\u011blila od zlata poh\u00e1 vte\u0159inka&#8230;<\/figcaption><\/figure>\n<p style=\"text-align: justify;\">V kategori\u00edch mlad\u0161\u00edch \u017e\u00e1k\u016f a \u017e\u00e1ky\u0148 jsme si museli tentokr\u00e1t na medailov\u00e9 ambice nechat zaj\u00edt chu\u0165. Nemocn\u00e1 mlad\u0161\u00ed \u017e\u00e1kyn\u011b <strong><span style=\"color: #800000;\">Eli\u0161ka Han\u00e1kov\u00e1<\/span> <\/strong>sledovala souboje v Boskovic\u00edch jen jako diva\u010dka. O prim\u00e1t\u00a0\u00a0rekordmanky v po\u010dtu leto\u0161n\u00edch v\u00edt\u011bzstv\u00ed (vyhr\u00e1la 14 z patn\u00e1cti z\u00e1vod\u016f) ji ale u\u017e nikdo nemohl p\u0159ipravit a Eli\u0161ka je dal\u0161\u00ed z p\u011btice TOP osobnost\u00ed v ned\u011bli skon\u010den\u00e9 MTB &#8222;Vrchoviny&#8220;. I na\u0161i mlad\u0161\u00ed \u017e\u00e1ci vy\u0161li medailov\u011b napr\u00e1zdno. Jakmile se na startu objevili siln\u011bj\u0161\u00ed soupe\u0159i (v Boskovic\u00edch to byli t\u0159i kvalitn\u00ed rajd\u0159i VRV Teamu Zonyga, Woller a Urban), r\u00e1zem byla pro na\u0161e borce &#8222;bedna&#8220; hodn\u011b vzd\u00e1len\u00e1&#8230; Nav\u00edc m\u011bl \u00b4V\u00ed\u0165a Lipensk\u00fd v noh\u00e1ch z p\u0159ede\u0161l\u00e9ho dne z\u00e1vod v duatlonu&#8230; V celkov\u00e9m po\u0159ad\u00ed se ale d\u00edky <strong><span style=\"color: #800000;\">Romanu \u0160indel\u00e1\u0159ovi<\/span> <\/strong>(v Boskovic\u00edch dojel na 7. m\u00edst\u011b) m\u016f\u017eeme radovat i v t\u00e9to kategorii ze zlat\u00e9ho poh\u00e1ru.<\/p>\n<figure id=\"attachment_9765\" aria-describedby=\"caption-attachment-9765\" style=\"width: 1335px\" class=\"wp-caption alignnone\"><a href=\"http:\/\/www.moravecteam.cz\/?attachment_id=9765\" rel=\"attachment wp-att-9765\"><img decoding=\"async\" loading=\"lazy\" class=\" wp-image-9765\" alt=\"DSC_9526\" src=\"http:\/\/www.moravecteam.cz\/wp-content\/uploads\/2017\/09\/DSC_9526.jpg\" width=\"1335\" height=\"1355\" srcset=\"https:\/\/www.moravecteam.cz\/wp-content\/uploads\/2017\/09\/DSC_9526.jpg 1335w, https:\/\/www.moravecteam.cz\/wp-content\/uploads\/2017\/09\/DSC_9526-25x25.jpg 25w, https:\/\/www.moravecteam.cz\/wp-content\/uploads\/2017\/09\/DSC_9526-295x300.jpg 295w, https:\/\/www.moravecteam.cz\/wp-content\/uploads\/2017\/09\/DSC_9526-1008x1024.jpg 1008w\" sizes=\"(max-width: 1335px) 100vw, 1335px\" \/><\/a><figcaption id=\"caption-attachment-9765\" class=\"wp-caption-text\">Na sv\u00e9m nov\u00e9m &#8222;supu&#8220; zrychlovala Krist\u00fdna Kol\u00e1\u0159ov\u00e1 v z\u00e1v\u011bru seri\u00e1lu z\u00e1vod od z\u00e1vodu&#8230; Boskovice nebyly v\u00fdjimkou.<\/figcaption><\/figure>\n<p style=\"text-align: justify;\">Veselej\u0161\u00ed \u00a0to bylo pro n\u00e1s ale v kategorii d\u011bv\u010dat 13-14 let. Pravda, na rychlou Sabinu Sobkovou (VRV Team)\u00a0 na\u0161e <strong><span style=\"color: #800000;\">Krist\u00fdna Kol\u00e1\u0159ov\u00e1<\/span><\/strong> nesta\u010dila, ale p\u0159\u00edm\u00fd souboj o celkov\u00e9 prvenstv\u00ed s Annou Smutnou (Drahansk\u00fd Sportt\u00fdm) zvl\u00e1dla a po z\u00e1sluze se i ona m\u016f\u017ee t\u011b\u0161it v celkov\u00e9m po\u0159ad\u00ed ze zisku zlata! N\u00e1\u0161 medailov\u00fd profit z Boskovic pak podtrhli v odpoledn\u00edm bloku start\u016f junior <strong><span style=\"color: #800000;\">Petr \u0160ich<\/span><\/strong>, kadetka<strong><span style=\"color: #800000;\"> Anna Zem\u00e1nkov\u00e1<\/span><\/strong>, juniorka <strong><span style=\"color: #800000;\">Jana Tesa\u0159ov\u00e1<\/span> <\/strong>a na\u0161i osv\u011bd\u010den\u00ed veter\u00e1ni: <strong><span style=\"color: #800000;\">Martin Gottwald<\/span><\/strong>, <strong><span style=\"color: #800000;\">Honza \u0160indel\u00e1\u0159<\/span> <\/strong>a <strong><span style=\"color: #800000;\">Vlast\u00edk Odehnal<\/span><\/strong>. Pe\u0165a \u0160ich odvedl v Boskovic\u00edch poctivou rachotu. V na\u0161l\u00e1pl\u00e9 konkurenci dev\u00edti rychl\u00fdch borc\u016f nesta\u010dil pouze na duo TUFA CZ Otorkovice Skyba &#8211; Neradil a i celkov\u00fd bronz v leto\u0161n\u00ed &#8222;Vrchovin\u011b&#8220; mu moc slu\u0161\u00ed.<\/p>\n<figure id=\"attachment_9766\" aria-describedby=\"caption-attachment-9766\" style=\"width: 1102px\" class=\"wp-caption alignnone\"><a href=\"http:\/\/www.moravecteam.cz\/?attachment_id=9766\" rel=\"attachment wp-att-9766\"><img decoding=\"async\" loading=\"lazy\" class=\" wp-image-9766\" alt=\"DSC_9592\" src=\"http:\/\/www.moravecteam.cz\/wp-content\/uploads\/2017\/09\/DSC_9592.jpg\" width=\"1102\" height=\"1087\" srcset=\"https:\/\/www.moravecteam.cz\/wp-content\/uploads\/2017\/09\/DSC_9592.jpg 1102w, https:\/\/www.moravecteam.cz\/wp-content\/uploads\/2017\/09\/DSC_9592-25x25.jpg 25w, https:\/\/www.moravecteam.cz\/wp-content\/uploads\/2017\/09\/DSC_9592-300x295.jpg 300w, https:\/\/www.moravecteam.cz\/wp-content\/uploads\/2017\/09\/DSC_9592-1024x1010.jpg 1024w\" sizes=\"(max-width: 1102px) 100vw, 1102px\" \/><\/a><figcaption id=\"caption-attachment-9766\" class=\"wp-caption-text\">Dominik Prudek je po zran\u011bn\u00ed zp\u011bt! Na sn\u00edmku dr\u017e\u00ed na trati &#8222;v \u0161achu&#8220; sv\u00e9ho &#8222;skoro&#8220; jmenovce, Mat\u011bje Pr\u016fdka.<\/figcaption><\/figure>\n<p style=\"text-align: justify;\">Zklam\u00e1n\u00edm a p\u0159ekvapen\u00edm z\u00e1rove\u0148 pak pro n\u00e1s byla ur\u010dit\u011b por\u00e1\u017eka dvou na\u0161ich favoritek &#8211; <strong><span style=\"color: #800000;\">Jany Tesa\u0159ov\u00e9\u00a0\u00a0<\/span><\/strong>a <span style=\"color: #800000;\"><strong>Anny Zem\u00e1nkov\u00e9<\/strong><\/span> od Anety Fritzov\u00e9 (Drahansk\u00fd Sportt\u00fdm). Je pravda, \u017ee Jana Tes\u0159ov\u00e1 p\u0159ekon\u00e1vala v posledn\u00edch dnech nachlazen\u00ed, je pravda, \u017ee Aneta Fritzov\u00e1 \u00a0se neust\u00e1le v\u00fdkonnostn\u011b zlep\u0161uje&#8230; Ale p\u0159es to&#8230; Mysl\u00edm ale, \u017ee nen\u00ed t\u0159eba truchlit. U\u017e\u00a0tento \u010dtvrtek na prvn\u00edm cyklokrosu ve Slan\u00e9m budou m\u00edt ob\u011b na\u0161e zku\u0161en\u00e9 reprezentantky mo\u017enost slo\u017eit za Boskovice &#8222;opravnou zkou\u0161ku&#8220;. A j\u00e1 pevn\u011b v\u011b\u0159\u00edm, \u017ee to zvl\u00e1dnou!<\/p>\n<figure id=\"attachment_9767\" aria-describedby=\"caption-attachment-9767\" style=\"width: 1335px\" class=\"wp-caption alignnone\"><a href=\"http:\/\/www.moravecteam.cz\/?attachment_id=9767\" rel=\"attachment wp-att-9767\"><img decoding=\"async\" loading=\"lazy\" class=\" wp-image-9767\" alt=\"DSC_9606\" src=\"http:\/\/www.moravecteam.cz\/wp-content\/uploads\/2017\/09\/DSC_9606.jpg\" width=\"1335\" height=\"1351\" srcset=\"https:\/\/www.moravecteam.cz\/wp-content\/uploads\/2017\/09\/DSC_9606.jpg 1335w, https:\/\/www.moravecteam.cz\/wp-content\/uploads\/2017\/09\/DSC_9606-25x25.jpg 25w, https:\/\/www.moravecteam.cz\/wp-content\/uploads\/2017\/09\/DSC_9606-296x300.jpg 296w, https:\/\/www.moravecteam.cz\/wp-content\/uploads\/2017\/09\/DSC_9606-1011x1024.jpg 1011w\" sizes=\"(max-width: 1335px) 100vw, 1335px\" \/><\/a><figcaption id=\"caption-attachment-9767\" class=\"wp-caption-text\">Na\u0161e nad\u011bje v kategorii junior\u016f \/ kadet\u016f splnili jak celkov\u00fd v\u00edt\u011bz &#8222;Vrchoviny&#8220; Karel Vinick\u00fd (s \u010d\u00edslem 106), tak i nakonec bronzov\u00fd &#8211; Petr \u0160ich.<\/figcaption><\/figure>\n<p style=\"text-align: justify;\">To na\u0161i veter\u00e1ni, to bylo v Boskovic\u00edch &#8222;jin\u00fd kafe&#8220;! <strong><span style=\"color: #800000;\">Martin Gottwald<\/span><\/strong>, dal\u0161\u00ed z p\u011btice premiant\u016f leto\u0161n\u00ed &#8222;Vrchoviny&#8220;,\u00a0co se po\u010dtu v\u00edt\u011bzstv\u00ed t\u00fd\u010de,\u00a0po trati doslova l\u00e9tal, \u00a0a o nic pozadu za n\u00edm nez\u016fstal ani v c\u00edli druh\u00fd <strong><span style=\"color: #800000;\">Honza \u0160indel\u00e1\u0159<\/span><\/strong>! \u017de si oba toto po\u0159ad\u00ed zopakovali i na &#8222;velk\u00e9m p\u00f3diu&#8220; (zde je je\u0161t\u011b doplnil celkov\u011b bronzov\u00fd <strong><span style=\"color: #800000;\">Franta Pad\u011bra<\/span><\/strong>), je po leto\u0161n\u00edch p\u0159edv\u00e1d\u011bn\u00fdch kvalitn\u00edch v\u00fdkonech v celku logick\u00e9&#8230; A <strong><span style=\"color: #800000;\">Vlast\u00edk Odehnal<\/span><\/strong>? Leto\u0161n\u00ed primus mezi &#8222;mastry trojka\u0159i&#8220; odjel z\u00e1vod v souladu s on\u00edm ok\u0159\u00eddlen\u00fdm: &#8222;Jak\u00fd si ti ud\u011bl\u00e1\u0161, takov\u00fd to m\u00e1\u0161&#8230;&#8220;! A Vlast\u00edk si to (mysl\u00edm t\u00edm trat\u011b) ud\u011blal op\u011bt na v\u00fdbornou! \u00a0V\u0161ak\u00a0pro nov\u011b konfigurovan\u00e9 boskovick\u00e9 okruhy ne\u0161et\u0159ili chv\u00e1lou ani\u00a0takov\u00e9 cyklistick\u00e9 veli\u010diny jako Emil Hekele \u010di Mat\u011bj Pr\u016fdek&#8230;<\/p>\n<figure id=\"attachment_9763\" aria-describedby=\"caption-attachment-9763\" style=\"width: 1297px\" class=\"wp-caption alignnone\"><a href=\"http:\/\/www.moravecteam.cz\/?attachment_id=9763\" rel=\"attachment wp-att-9763\"><img decoding=\"async\" loading=\"lazy\" class=\" wp-image-9763\" alt=\"DSC_9369\" src=\"http:\/\/www.moravecteam.cz\/wp-content\/uploads\/2017\/09\/DSC_9369.jpg\" width=\"1297\" height=\"1166\" srcset=\"https:\/\/www.moravecteam.cz\/wp-content\/uploads\/2017\/09\/DSC_9369.jpg 1297w, https:\/\/www.moravecteam.cz\/wp-content\/uploads\/2017\/09\/DSC_9369-300x269.jpg 300w, https:\/\/www.moravecteam.cz\/wp-content\/uploads\/2017\/09\/DSC_9369-1024x920.jpg 1024w\" sizes=\"(max-width: 1297px) 100vw, 1297px\" \/><\/a><figcaption id=\"caption-attachment-9763\" class=\"wp-caption-text\">Maru\u0161ka Barto\u0161ov\u00e1. Sotva j\u00ed dokto\u0159i sundali z ruky s\u00e1dru, u\u017e byla v Boskovic\u00edch z\u00e1vodn\u011b ost\u0159e v akci! Klobouk dol\u016f p\u0159ed jej\u00ed bojovnost\u00ed a state\u010dnost\u00ed z\u00e1rove\u0148&#8230;<\/figcaption><\/figure>\n<p style=\"text-align: justify;\">Na z\u00e1v\u011br je\u0161t\u011b jedna, vlastn\u011b dv\u011b pochvaly: \u017ee po zlomenin\u011b ruky stihne zajet Boskovice na\u0161e reprezentantka v kategorii 7-8 let, <strong><span style=\"color: #800000;\">Maru\u0161ka Barto\u0161ov\u00e1<\/span><\/strong>, to \u010dekal asi m\u00e1lo kdo&#8230; Skute\u010dn\u011b p\u0159\u00edkladn\u00fd p\u0159\u00edstup k reprezentaci odd\u00edlu p\u0159edvedla na\u0161e talentovan\u00e1 bikerka! R\u00e1di jsme pak vid\u011bli op\u011bt na startu po obdobn\u00e9m zran\u011bn\u00ed i <strong><span style=\"color: #800000;\">Dominika Prudka<\/span><\/strong>, kter\u00fd &#8211; by\u0165 nakonec z\u00e1vod nedokon\u010dil, aby je\u0161t\u011b \u010derstv\u011b dol\u00e9\u010denou ruku \u0161et\u0159il &#8211; tak\u00e9 zalou\u017e\u00ed ur\u010dit\u011b &#8222;palec nahoru&#8220;. Poj\u010fte omrknout n\u00e1\u0161 v\u00fdsledkov\u00fd boskovick\u00fd souhrn:<\/p>\n<ul>\n<li>\n<div>Zlat\u00e9 placky zdob\u00ed hrudn\u00ed\u010dky a hrudn\u00edky:\u00a0<span style=\"color: #ff9900;\"><strong>Zitu\u0161ky \u017dern\u00ed\u010dkov\u00e9<\/strong> <\/span>(do 6 let ) \/ 2. m\u00edsto v celkov\u00e9m po\u0159ad\u00ed,\u00a0<strong>\u00a0<span style=\"color: #ff9900;\">Just\u00fdnky Novotn\u00e9<\/span><\/strong><span style=\"color: #ff9900;\">\u00a0<\/span>(7-8 let) \/ 1.,\u00a0<span style=\"color: #ff9900;\"> <strong>Martina Gottwalda<\/strong>\u00a0<\/span>(Masters II) \/ 1.,\u00a0<span style=\"color: #ff9900;\"><strong>Vlastimila Odehnala<\/strong>\u00a0<\/span>(Masters III) \/ 1.<\/div>\n<\/li>\n<li style=\"text-align: justify;\">Ze <span style=\"color: #333399;\"><span style=\"color: #000000;\">st\u0159\u00edbra se t\u011b\u0161\u00ed:\u00a0<\/span><strong> \/<\/strong><\/span> 1., <span style=\"color: #808080;\"><strong>Am\u00e1lka Gottwaldov\u00e1 <\/strong><\/span>(9-10 let) \/ 2.,\u00a0\u00a0<strong><span style=\"color: #808080;\">Krist\u00fdna Kol\u00e1\u0159ov\u00e1<\/span> <\/strong>(13-14 let) \/ 1.\u00a0<span style=\"color: #808080;\"><strong>Honza \u00a0\u0160indel\u00e1\u0159<\/strong>\u00a0<\/span>(Masters II) \/ 3. a <span style=\"color: #808080;\"><strong>Jana &#8222;D\u017eejn&#8220; Tesa\u0159ov\u00e1<\/strong><\/span> \/juniorky\/ kdetky) \/ 1.<\/li>\n<li>Bronz pat\u0159\u00ed:\u00a0<span style=\"color: #800000;\"><strong>Ad\u00e9lce V\u011brn\u00e9\u00a0<\/strong>\u00a0<\/span>(do 6 let) \/ 3.,\u00a0<span style=\"color: #800000;\"><strong>Petru \u0160ichovu <\/strong><\/span>(junio\u0159i \/ kadet) \/ 3.,\u00a0 a <span style=\"color: #800000;\"><strong>Ann\u011b Zem\u00e1nkov\u00e9 <\/strong><\/span>(juniorky \/ kadetky) \/ 2.<\/li>\n<\/ul>\n<figure id=\"attachment_9770\" aria-describedby=\"caption-attachment-9770\" style=\"width: 1282px\" class=\"wp-caption alignnone\"><a href=\"http:\/\/www.moravecteam.cz\/?attachment_id=9770\" rel=\"attachment wp-att-9770\"><img decoding=\"async\" loading=\"lazy\" class=\" wp-image-9770\" alt=\"DSC_9265\" src=\"http:\/\/www.moravecteam.cz\/wp-content\/uploads\/2017\/09\/DSC_9265.jpg\" width=\"1282\" height=\"1084\" srcset=\"https:\/\/www.moravecteam.cz\/wp-content\/uploads\/2017\/09\/DSC_9265.jpg 1282w, https:\/\/www.moravecteam.cz\/wp-content\/uploads\/2017\/09\/DSC_9265-300x253.jpg 300w, https:\/\/www.moravecteam.cz\/wp-content\/uploads\/2017\/09\/DSC_9265-1024x865.jpg 1024w\" sizes=\"(max-width: 1282px) 100vw, 1282px\" \/><\/a><figcaption id=\"caption-attachment-9770\" class=\"wp-caption-text\">Jon\u00e1\u0161ek Janovsk\u00fd (vlevo) s Ton\u00edkem Han\u00e1kem tvrdili v Boskovic\u00edch muziku v z\u00e1vod\u011b odr\u00e1\u017eedel.<\/figcaption><\/figure>\n<p style=\"text-align: justify;\">P\u0159ipomenu, \u017ee krom\u011b Ton\u00edka Han\u00e1ka ctili &#8222;bramborov\u00e9 obdob\u00ed&#8220; i <strong><span style=\"color: #800000;\">Ani\u010dka Han\u00e1kov\u00e1<\/span><\/strong>\u00a0(9-10 let) a <strong><span style=\"color: #800000;\">Kl\u00e1ra Odehnalov\u00e1<\/span><\/strong> (13-14 let), kter\u00e1 skv\u011bl\u00fdm zrychlen\u00edm v z\u00e1v\u011bru z\u00e1vodu dok\u00e1zala porazit i vicemisrtryni leto\u0161n\u00ed MTB &#8222;Vrchoviny\u00b4&#8220; v t\u00e9to kategorii &#8211; Annu Smutnou. Jak se n\u00e1m letos da\u0159ilo v celkov\u00e9m hodnocen\u00ed MTB &#8222;Vrchoviny&#8220; v po\u0159ad\u00ed OPEN si poj\u010fme p\u0159ipomenout v tomto p\u00f3diov\u00e9m souhrnu:<\/p>\n<ul>\n<li>\n<div style=\"text-align: justify;\"><strong><span style=\"color: #ff9900;\">Zlat\u00e9<\/span><\/strong> poh\u00e1ry letos vybojovali: <strong><span style=\"color: #ff9900;\">Leona Eclerov\u00e1<\/span><\/strong> (odr\u00e1\u017eedla), <strong><span style=\"color: #ff9900;\">Just\u00fdna Novotn\u00e1<\/span><\/strong> (7-8 let), <span style=\"color: #ff9900;\"><strong>Roman \u0160indel\u00e1\u0159<\/strong><\/span> (11-12 let), <strong><span style=\"color: #ff9900;\">Eli\u0161ka Han\u00e1kov\u00e1<\/span><\/strong> (11-12 let), <strong><span style=\"color: #ff9900;\">Krist\u00fdna Kol\u00e1\u0159ov\u00e1<\/span><\/strong> (13-14 let), <strong><span style=\"color: #ff9900;\">Jana &#8222;D\u017eejn&#8220; Tesa\u0159ov\u00e1<\/span><\/strong> (juniorky \/ kadetky), <strong><span style=\"color: #ff9900;\">Karel Vinick\u00fd<\/span><\/strong> (junio\u0159i \/ kadeti), <span style=\"color: #ff9900;\"><strong>Martin Gottwald<\/strong><\/span> (Masters II) a\u00a0<strong><span style=\"color: #ff9900;\">Vlastimil Odehnal<\/span> <\/strong>(Masters III).<\/div>\n<\/li>\n<li>\n<div style=\"text-align: justify;\"><strong><span style=\"color: #808080;\">St\u0159\u00edbrn\u00e9<\/span><\/strong>\u00a0m\u00e1 poh\u00e1ry\u00a0s zaslou\u017eili: <strong><span style=\"color: #808080;\">Zita \u017dern\u00ed\u010dkov\u00e1<\/span><\/strong> (do 6 let), <strong><span style=\"color: #808080;\">Jirka Zav\u0159el<\/span><\/strong> (7-8 let), <span style=\"color: #808080;\"><strong>Lucie Gottwaldov\u00e1<\/strong><\/span> (7-8 let), <span style=\"color: #808080;\"><strong>Am\u00e1lie Gottwaldov\u00e1<\/strong><\/span> (9-10 let), <strong><span style=\"color: #808080;\">Anna Zem\u00e1nkov\u00e1<\/span><\/strong> (juniorky \/ kadetky), a <strong><span style=\"color: #808080;\">Jan \u0160indel\u00e1\u0159<\/span> <\/strong>(Masters II)<\/div>\n<\/li>\n<li style=\"text-align: justify;\"><strong><span style=\"color: #993300;\">Bronzov\u00e9<\/span><\/strong> trofeje jsou letos ko\u0159ist\u00ed: <strong><span style=\"color: #993300;\">Ad\u00e9ly V\u011brn\u00e9<\/span><\/strong> (do 6 let), <span style=\"color: #993300;\"><strong>Petra \u0160icha<\/strong><\/span> (junio\u0159i \/ kadeti), <span style=\"color: #993300;\"><strong>Franti\u0161ka Pad\u011bry<\/strong><\/span>\u00a0(Masters II) a <strong><span style=\"color: #993300;\">V\u00edti Prudka<\/span><\/strong> (Masters III).<\/li>\n<li style=\"text-align: justify;\"><strong><span style=\"color: #339966;\">\u010ctvrt\u00e9<\/span><\/strong> p\u00f3diov\u00e9 m\u00edsto pat\u0159\u00ed: <span style=\"color: #339966;\"><strong>Ann\u011b Han\u00e1kov\u00e9<\/strong> <\/span>(9-10 let), <strong><span style=\"color: #339966;\">V\u00ed\u0165ovi Lipensk\u00e9mu<\/span><\/strong> (11-12 let), <strong><span style=\"color: #339966;\">Jakubu Tesa\u0159ovi<\/span> <\/strong>(13-14 let), <strong><span style=\"color: #339966;\">Kl\u00e1\u0159e Odehnalov\u00e9<\/span><\/strong> (13-14 let), <span style=\"color: #339966;\">V\u00ed\u0165ovi Such\u00e1nkovi<\/span> (junio\u0159i \/ kadeti) a <strong><span style=\"color: #339966;\">Monice Kone\u010dn\u00e9<\/span><\/strong> (juniorky \/ kadetky).<\/li>\n<li style=\"text-align: justify;\"><strong><span style=\"color: #3366ff;\">P\u00e1t\u00e9<\/span><\/strong> p\u00f3diov\u00e9 m\u00edsto si letos u\u017eili: <span style=\"color: #3366ff;\"><strong>Anton\u00edn Han\u00e1k<\/strong><\/span> (odr\u00e1\u017eedla), <strong><span style=\"color: #3366ff;\">Veronika \u0160af\u00e1\u0159ov\u00e1<\/span><\/strong> (do 6 let), <strong><span style=\"color: #3366ff;\">Maru\u0161ka Barto\u0161ov\u00e1<\/span> <\/strong>(7-8 let), <strong><span style=\"color: #3366ff;\">Barbora Tlamkov\u00e1<\/span><\/strong> (9-10 let), <strong><span style=\"color: #3366ff;\">Maty\u00e1\u0161 Koudelka<\/span><\/strong> (11-12 let), <strong><span style=\"color: #3366ff;\">Honza &#8222;D\u017eony&#8220; \u0160indel\u00e1\u0159<\/span><\/strong> (junio\u0159i \/ kadeti), <strong><span style=\"color: #3366ff;\">Jirka \u0160t\u011bpan\u00edk<\/span> <\/strong>(Master III) a <strong><span style=\"color: #3366ff;\">Mark\u00e9ta \u0160af\u00e1\u0159ov\u00e1<\/span><\/strong> (\u017eeny).<\/li>\n<\/ul>\n<figure id=\"attachment_9771\" aria-describedby=\"caption-attachment-9771\" style=\"width: 1632px\" class=\"wp-caption alignnone\"><a href=\"http:\/\/www.moravecteam.cz\/?attachment_id=9771\" rel=\"attachment wp-att-9771\"><img decoding=\"async\" loading=\"lazy\" class=\" wp-image-9771\" alt=\"OLYMPUS DIGITAL CAMERA\" src=\"http:\/\/www.moravecteam.cz\/wp-content\/uploads\/2017\/09\/P9242336.jpg\" width=\"1632\" height=\"1152\" srcset=\"https:\/\/www.moravecteam.cz\/wp-content\/uploads\/2017\/09\/P9242336.jpg 1632w, https:\/\/www.moravecteam.cz\/wp-content\/uploads\/2017\/09\/P9242336-300x211.jpg 300w, https:\/\/www.moravecteam.cz\/wp-content\/uploads\/2017\/09\/P9242336-1024x722.jpg 1024w\" sizes=\"(max-width: 1632px) 100vw, 1632px\" \/><\/a><figcaption id=\"caption-attachment-9771\" class=\"wp-caption-text\">Mezi p\u011bti nejlep\u0161\u00edmi mlad\u0161\u00edmi \u017e\u00e1ky v celkov\u00e9m po\u0159ad\u00ed jsme napo\u010d\u00edtali hned t\u0159i na\u0161e borce! Vlastn\u011b u\u017e \u010dty\u0159i..!<\/figcaption><\/figure>\n<p style=\"text-align: justify;\">Ano, napo\u010d\u00edtali jste dob\u0159e: 33 jmen z MORAVEC Teamu obsadilo letos v po\u0159ad\u00ed OPEN m\u00edsta v TOP 5! Je to v\u010detn\u011b Veroniky \u0160af\u00e1\u0159ov\u00e9, kter\u00e1 sice jezd\u00ed v dresu Nutrend Specialized Racing, kter\u00e1 se ale p\u0159ipravuje v tr\u00e9ninkov\u00e9 skupin\u011b Milana Tlamky, a kter\u00e1 &#8211; stejn\u011b jako v\u011bt\u0161ina d\u011bt\u00ed z t\u00e9to Milanovy grupy &#8211; ud\u011blala letos v pr\u016fb\u011bhu sez\u00f3ny velk\u00fd v\u00fdkonnostn\u00ed skok kup\u0159edu! Poj\u010fme se\u010d\u00edtat d\u00e1l: z t\u011bch 33 jmen je jich 26 do v\u011bku junior v\u010detn\u011b, 7 p\u00f3diov\u00fdch um\u00edst\u011bn\u00ed pat\u0159\u00ed dosp\u011bl\u00fdm. Procentn\u011b vyj\u00e1d\u0159eno je to 79% ku 21%&#8230; Zd\u00e1 se tedy z tohoto pom\u011bru, \u017ee si st\u00e1le zachov\u00e1v\u00e1me status &#8222;d\u011btsk\u00e9ho&#8220; cyklistick\u00e9ho odd\u00edlu&#8230;<\/p>\n<figure id=\"attachment_9772\" aria-describedby=\"caption-attachment-9772\" style=\"width: 2000px\" class=\"wp-caption alignnone\"><a href=\"http:\/\/www.moravecteam.cz\/?attachment_id=9772\" rel=\"attachment wp-att-9772\"><img decoding=\"async\" loading=\"lazy\" class=\" wp-image-9772\" alt=\"DSC_9391\" src=\"http:\/\/www.moravecteam.cz\/wp-content\/uploads\/2017\/09\/DSC_9391.jpg\" width=\"2000\" height=\"1333\" srcset=\"https:\/\/www.moravecteam.cz\/wp-content\/uploads\/2017\/09\/DSC_9391.jpg 2000w, https:\/\/www.moravecteam.cz\/wp-content\/uploads\/2017\/09\/DSC_9391-300x199.jpg 300w, https:\/\/www.moravecteam.cz\/wp-content\/uploads\/2017\/09\/DSC_9391-1024x682.jpg 1024w\" sizes=\"(max-width: 2000px) 100vw, 2000px\" \/><\/a><figcaption id=\"caption-attachment-9772\" class=\"wp-caption-text\">Spolu s Bar\u010dou Tlamkovou, Annou Han\u00e1kovou a Am\u00e1lkou Gottwaldovou tvo\u0159ili na sn\u00edmku zachycen\u00e9 Bar\u010da Janovsk\u00e1, Ad\u00e9lka Zav\u0159elov\u00e1 a Lucka Koudelkov\u00e1 n\u00e1\u0161 siln\u00fd \u00fadern\u00fd sextet v kategorii d\u011bv\u010dat 9-10 let.<\/figcaption><\/figure>\n<p style=\"text-align: justify;\">V mimo\u0159\u00e1dn\u011b tvrd\u00e9 leto\u0161n\u00ed &#8222;Vrchovinov\u00e9&#8220; konkurenci jsme tedy obst\u00e1li se ct\u00ed a bude t\u0159eba, aby na\u0161i rajd\u0159i\u00a0\u00fa\u010dasti\u00a0v tomto kvalitn\u00edm seri\u00e1lu v\u011bnovali n\u00e1le\u017eitou pozornost i v p\u0159\u00ed\u0161t\u00edch letech, proto\u017ee jenom pravideln\u00e9 v\u00fdsledky v jednotliv\u00fdch z\u00e1vodech t\u00e9to s\u00e9rie do 3. m\u00edsta v po\u0159ad\u00ed OPEN jim zjist\u00ed \u0161anci reprezentovat\u00a0MORAVEC Team v r\u00e1mci z\u00e1vod\u016f\u00a0\u010desk\u00e9ho poh\u00e1ru! Bude to jedno z krit\u00e9ri\u00ed jejich nominace. Na z\u00e1vody nejvy\u0161\u0161\u00ed kategorie (nap\u0159. \u010cesk\u00fd poh\u00e1r) se nebude jezdit jako na zajmav\u00fd v\u00fdlet, ale za tvrdou, poctivou, odpov\u011bdnou prac\u00ed pro odd\u00edl, kdy \u0161anci reprezentovat budou m\u00edt jen Ti se 100% profesion\u00e1ln\u00edm p\u0159\u00edstupem k pln\u011bn\u00ed sv\u00fdch povinnost\u00ed&#8230; Zm\u011bn podobn\u00e9ho typu bude pro sez\u00f3nu 2018 v\u00edc ve smyslu podstatn\u011b vy\u0161\u0161\u00edch n\u00e1rok\u016f na na\u0161e TOP rajdry bude je\u0161t\u011b podstatn\u011b v\u00edc, to je ale u\u017e jin\u00e1 kapitola a \u00a0v\u0161e se budete pr\u016fb\u011b\u017en\u011b v\u010das dozv\u00eddat&#8230;<\/p>\n<figure id=\"attachment_9773\" aria-describedby=\"caption-attachment-9773\" style=\"width: 2000px\" class=\"wp-caption alignnone\"><a href=\"http:\/\/www.moravecteam.cz\/?attachment_id=9773\" rel=\"attachment wp-att-9773\"><img decoding=\"async\" loading=\"lazy\" class=\" wp-image-9773\" alt=\"DSC_9393\" src=\"http:\/\/www.moravecteam.cz\/wp-content\/uploads\/2017\/09\/DSC_9393.jpg\" width=\"2000\" height=\"1333\" srcset=\"https:\/\/www.moravecteam.cz\/wp-content\/uploads\/2017\/09\/DSC_9393.jpg 2000w, https:\/\/www.moravecteam.cz\/wp-content\/uploads\/2017\/09\/DSC_9393-300x199.jpg 300w, https:\/\/www.moravecteam.cz\/wp-content\/uploads\/2017\/09\/DSC_9393-1024x682.jpg 1024w\" sizes=\"(max-width: 2000px) 100vw, 2000px\" \/><\/a><figcaption id=\"caption-attachment-9773\" class=\"wp-caption-text\">Leto\u0161n\u00ed trofeje z d\u00edlny odd\u00edlov\u00e9ho design\u00e9ra Libora Barto\u0161e op\u011bt sklidily obdiv!<\/figcaption><\/figure>\n<p style=\"text-align: justify;\">Za poctiv\u00e9 v\u00fdkony a v\u00fdsledky v leto\u0161n\u00edm 16. ro\u010dn\u00edku MTB Superior Poh\u00e1ru Drahansk\u00e9 vrchoviny pat\u0159i v\u0161em velk\u00fd d\u00edk! T\u011bm co vybojovali poh\u00e1ry \u010di p\u00f3diov\u00e1 um\u00edst\u011bn\u00ed, samoz\u0159ejm\u011b &#8211;\u00a0 blahop\u0159ejeme! Jen tak d\u00e1l! Velk\u00fd d\u00edk tak\u00e9 v\u0161em z MORAVCE, kte\u0159\u00ed sv\u011bdomit\u011b p\u0159ilo\u017eili ruku ke zda\u0159il\u00e9mu d\u00edlu p\u0159i p\u0159\u00edprav\u011b z\u00e1vodu: od\u00a0 vysoce erudovan\u00e9ho &#8222;tra\u0165ov\u00e9ho&#8220; Vlast\u00edka Odehnala, p\u0159es nezi\u0161tn\u00e9 Vinick\u00fdch a\u017e po sv\u011bdomitou Maru\u0161ku Zouharovou! Moc V\u00e1m v\u0161em d\u011bkuji!\u00a0Kde jinde ne\u017e zde najdete <a href=\"http:\/\/www.pohardrahanskevrchoviny.cz\/boskovice\/\">k<strong>ompletn\u00ed v\u00fdsledkov\u00fd servis<\/strong><\/a>, no\u00a0 tu\u0165 jsou z fin\u00e1lov\u00fdch Boskovic \u010dty\u0159i supr fotogalerie s v\u00edce jak tis\u00edcovkou obr\u00e1zk\u016f&#8230;<\/p>\n<ul>\n<li>\n<div style=\"text-align: justify;\"><strong><a href=\"http:\/\/moravecteam.rajce.idnes.cz\/2017.09.24_PDV_Boskovice_-_finale\/\">Fotogalerie \u010d.1<\/a><\/strong><\/div>\n<\/li>\n<li><strong><a href=\"http:\/\/moravecteam.rajce.idnes.cz\/2017.09.24_PDV_Boskovice_-_finale_-_2\/\">Fotogalerie \u010d.2<\/a><\/strong><\/li>\n<li><strong><a href=\"http:\/\/moravecteam.rajce.idnes.cz\/2017.09.24_PDV_Boskovice_-_finale_-_3\/\">Fotogalerie \u010d.3<\/a><\/strong><\/li>\n<li><strong><a href=\"http:\/\/jones1.rajce.idnes.cz\/PDV_Boskovice_-_24.9.2017\/\">Fotogalerie \u010d.4<\/a><\/strong><\/li>\n<\/ul>\n<p>Mimo jin\u00e9 je i zde <a href=\"http:\/\/www.boskovice.cz\/velka-cena-boskovic-zakoncila-pohar-drahanske-vrchoviny\/d-31613\/p1=1019\"><strong>dal\u0161\u00ed supr fotogalerie<\/strong>.<\/a>..<\/p>\n<figure id=\"attachment_9774\" aria-describedby=\"caption-attachment-9774\" style=\"width: 2000px\" class=\"wp-caption alignnone\"><a href=\"http:\/\/www.moravecteam.cz\/?attachment_id=9774\" rel=\"attachment wp-att-9774\"><img decoding=\"async\" loading=\"lazy\" class=\" wp-image-9774\" alt=\"OLYMPUS DIGITAL CAMERA\" src=\"http:\/\/www.moravecteam.cz\/wp-content\/uploads\/2017\/09\/P9242368.jpg\" width=\"2000\" height=\"1500\" srcset=\"https:\/\/www.moravecteam.cz\/wp-content\/uploads\/2017\/09\/P9242368.jpg 2000w, https:\/\/www.moravecteam.cz\/wp-content\/uploads\/2017\/09\/P9242368-300x225.jpg 300w, https:\/\/www.moravecteam.cz\/wp-content\/uploads\/2017\/09\/P9242368-1024x768.jpg 1024w\" sizes=\"(max-width: 2000px) 100vw, 2000px\" \/><\/a><figcaption id=\"caption-attachment-9774\" class=\"wp-caption-text\">Emil Hekele s Pavlem Holcem ovl\u00e1dli v Boskovic\u00edch z\u00e1vod mu\u017e\u016f ELITE. T\u0159et\u00ed m\u00edsto bral David Hladi\u0161.<\/figcaption><\/figure>\n<p style=\"text-align: justify;\">A \u00fapln\u011b na konec, pro po\u0159\u00e1dek p\u0159ipomenu, \u017ee po\u0159ad\u00ed OBCE leto\u0161n\u00ed MTB &#8222;Vrchoviny&#8220; bude vyhl\u00e1\u0161eno na cyklistick\u00e9m plese 27. ledna 2018, kdy &#8222;kol\u010dit&#8220; budeme pravd\u011bpodobn\u011b op\u011bt ve Velenov\u011b. Podrobnosti k plesu cyklist\u016f\u00a0+ dal\u0161\u00ed informace z cyklistick\u00e9ho d\u011bn\u00ed v regionu,\u00a0se budete pr\u016fb\u011b\u017en\u011b dozv\u00eddat na <strong><a href=\"http:\/\/www.pohardrahanskevrchoviny.cz\">www.pohardrahanskevrchoviny.cz<\/a><\/strong>. Tak\u017ee nezapome\u0148te i na tyto str\u00e1nky \u010das od \u010dasu mrknout! Pro jistotu si poj\u010fme je\u0161t\u011b p\u0159ipomenout, koho se ve\u010der v posledn\u00ed lednovou sobotu bude pravd\u011bpodobn\u011b\u00a0 t\u00fdkat z MORAVEC Teamu:<\/p>\n<ul>\n<li style=\"text-align: justify;\"><strong><span style=\"color: #ff6600;\">Prvn\u00ed m\u00edsta vybojovali:<\/span><\/strong> Ad\u00e9la V\u011brn\u00e1 (do 6 let), Just\u00fdna Novotn\u00e1 (7-8 let), Am\u00e1lka Gottwaldov\u00e1 (9-10 let), Eli\u0161ka Han\u00e1kov\u00e1 (11-12 let), Jakub Tesa\u0159 )13-14 let), Krist\u00fdna Kol\u00e1\u0159ov\u00e1 (13-14 let) a Jana &#8222;D\u017eejn&#8220; Tesa\u0159ov\u00e1 (jubiorky \/ kadetky).<\/li>\n<li style=\"text-align: justify;\"><span style=\"color: #000000;\"><span style=\"color: #808080;\"><strong>Druh\u00e1 m\u00edsta vybojovali:<\/strong> <\/span>Zita \u017dern\u00ed\u010dkov\u00e1 (do 6 let), Lucie Gottwaldov\u00e1 (7-8 let), Anna Han\u00e1kov\u00e1 (9-10 let), Maty\u00e1\u0161 Koudelka (11-12 let), Kl\u00e1ra Odehnalov\u00e1 (13-14 let), V\u00edt Such\u00e1nek (junio\u0159i \/ kadeti), Anna Zem\u00e1nkov\u00e1 (juniorky \/ kadetky) .<\/span><\/li>\n<li style=\"text-align: justify;\"><strong><span style=\"color: #993300;\">T\u0159et\u00ed m\u00edsta vybojovali:<\/span><\/strong> Anton\u00edn Han\u00e1k (odr\u00e1\u017eedla), Kl\u00e1ra V\u011brn\u00e1 (odr\u00e1\u017eedla), Jon\u00e1\u0161 Janovsk\u00fd (do 6 let), Veronika \u0160af\u00e1\u0159ov\u00e1 (do 6 let), Barbora Tlamkov\u00e1 (9-10 let), Ad\u00e9la Kubinov\u00e1 (13-14 let), Monika Kone\u010dn\u00e1 (juniorky \/ kadetky).<\/li>\n<\/ul>\n<p style=\"text-align: justify;\">V po\u0159ad\u00ed OBCE jsme na stejn\u00fdch poh\u00e1rov\u00fdch \u010d\u00edslech, jako loni v po\u0159ad\u00ed OPEN: &#8222;voko bere&#8220;&#8230; 7 zlat\u00fdch, 7 st\u0159\u00edbrn\u00fdch a 7 bronzov\u00fdch&#8230; Ta\u017ee Ti, co jsou v\u00fd\u0161e napsan\u00ed &#8211; u\u017e si p\u0159ipravujte saka a s\u00e1\u010dka (chlapci a skoro chlapi) a \u0161atky a r\u00f3by (d\u00edvky a skoro \u017eeny)&#8230;<\/p>\n<figure id=\"attachment_9775\" aria-describedby=\"caption-attachment-9775\" style=\"width: 2000px\" class=\"wp-caption alignnone\"><a href=\"http:\/\/www.moravecteam.cz\/?attachment_id=9775\" rel=\"attachment wp-att-9775\"><img decoding=\"async\" loading=\"lazy\" class=\" wp-image-9775\" alt=\"OLYMPUS DIGITAL CAMERA\" src=\"http:\/\/www.moravecteam.cz\/wp-content\/uploads\/2017\/09\/P9242379.jpg\" width=\"2000\" height=\"1500\" srcset=\"https:\/\/www.moravecteam.cz\/wp-content\/uploads\/2017\/09\/P9242379.jpg 2000w, https:\/\/www.moravecteam.cz\/wp-content\/uploads\/2017\/09\/P9242379-300x225.jpg 300w, https:\/\/www.moravecteam.cz\/wp-content\/uploads\/2017\/09\/P9242379-1024x768.jpg 1024w\" sizes=\"(max-width: 2000px) 100vw, 2000px\" \/><\/a><figcaption id=\"caption-attachment-9775\" class=\"wp-caption-text\">Kr\u00e1lov\u00e9 nikoli \u0160uavy, ale MTB Drahansk\u00e9 Vrchoviny: zleva Holec, Kobl\u00ed\u017eek, O\u0161\u0165\u00e1dal, Hovanec a Zatloukal.<\/figcaption><\/figure>\n<p><span style=\"text-align: justify;\">\u00a0<\/span><\/p>\n<div style=\"text-align: justify;\"><\/div>\n<p style=\"text-align: justify;\">\n","protected":false},"excerpt":{"rendered":"<p>Druh\u00e1 n\u00e1mi letos nejost\u0159eji sledovan\u00e1 MTB s\u00e9rie (po z\u00e1vodech v r\u00e1mci \u010cesk\u00e9ho poh\u00e1ru horsk\u00fdch kol), kterou\u00a0je MTB Poh\u00e1r Drahansk\u00e9 vrchoviny, uzav\u0159ela sv\u016fj 16. ro\u010dn\u00edk minulou ned\u011bli fin\u00e1lov\u00fdm z\u00e1vodem v Boskovic\u00edch. Pro MORAVEC Team se jednalo v pravd\u011b o zlatou te\u010dku za dal\u0161\u00ed, pro n\u00e1s velmi \u00fasp\u011b\u0161nou sez\u00f3nou! Z osmn\u00e1cti\u00a0 vypsan\u00fdch kategori\u00ed jsme jich v po\u0159ad\u00ed &hellip; <a href=\"https:\/\/www.moravecteam.cz\/?p=9743\" class=\"more-link\">Pokra\u010dov\u00e1n\u00ed textu <span class=\"screen-reader-text\">Boskovick\u00e1 zlat\u00e1 te\u010dka!<\/span> <span class=\"meta-nav\">&rarr;<\/span><\/a><\/p>\n","protected":false},"author":3,"featured_media":9769,"comment_status":"open","ping_status":"closed","sticky":false,"template":"","format":"standard","meta":[],"categories":[1],"tags":[],"_links":{"self":[{"href":"https:\/\/www.moravecteam.cz\/index.php?rest_route=\/wp\/v2\/posts\/9743"}],"collection":[{"href":"https:\/\/www.moravecteam.cz\/index.php?rest_route=\/wp\/v2\/posts"}],"about":[{"href":"https:\/\/www.moravecteam.cz\/index.php?rest_route=\/wp\/v2\/types\/post"}],"author":[{"embeddable":true,"href":"https:\/\/www.moravecteam.cz\/index.php?rest_route=\/wp\/v2\/users\/3"}],"replies":[{"embeddable":true,"href":"https:\/\/www.moravecteam.cz\/index.php?rest_route=%2Fwp%2Fv2%2Fcomments&post=9743"}],"version-history":[{"count":29,"href":"https:\/\/www.moravecteam.cz\/index.php?rest_route=\/wp\/v2\/posts\/9743\/revisions"}],"predecessor-version":[{"id":9793,"href":"https:\/\/www.moravecteam.cz\/index.php?rest_route=\/wp\/v2\/posts\/9743\/revisions\/9793"}],"wp:featuredmedia":[{"embeddable":true,"href":"https:\/\/www.moravecteam.cz\/index.php?rest_route=\/wp\/v2\/media\/9769"}],"wp:attachment":[{"href":"https:\/\/www.moravecteam.cz\/index.php?rest_route=%2Fwp%2Fv2%2Fmedia&parent=9743"}],"wp:term":[{"taxonomy":"category","embeddable":true,"href":"https:\/\/www.moravecteam.cz\/index.php?rest_route=%2Fwp%2Fv2%2Fcategories&post=9743"},{"taxonomy":"post_tag","embeddable":true,"href":"https:\/\/www.moravecteam.cz\/index.php?rest_route=%2Fwp%2Fv2%2Ftags&post=9743"}],"curies":[{"name":"wp","href":"https:\/\/api.w.org\/{rel}","templated":true}]}}