{"id":9795,"date":"2017-10-02T22:11:17","date_gmt":"2017-10-02T20:11:17","guid":{"rendered":"http:\/\/www.moravecteam.cz\/?p=9795"},"modified":"2017-10-02T22:11:17","modified_gmt":"2017-10-02T20:11:17","slug":"odstartoval-cyklokros","status":"publish","type":"post","link":"https:\/\/www.moravecteam.cz\/?p=9795","title":{"rendered":"Odstartoval cyklokros!"},"content":{"rendered":"<p style=\"text-align: justify;\"><strong><span style=\"color: #800000;\">Minul\u00fd t\u00fdden, na sv\u00e1te\u010dn\u00ed \u010dtvrtek, odstartoval ve Slan\u00e9m dal\u0161\u00ed ro\u010dn\u00edk TOI TOI Cupu &#8211;\u00a0\u010cesk\u00e9ho poh\u00e1ru v cyklokrosu. I letos se bude t\u00e9to sout\u011b\u017ee,\u00a0v r\u00e1mci\u00a0kter\u00e9\u00a0jsme se do\u010dkali v minulosti nejednoho vav\u0159\u00ednu, \u00a0pravideln\u011b \u00fa\u010dastnit do\u010dasn\u00e1 cyklokrosa\u0159sk\u00e1 \u00a0rota\u00a0 MORAVEC Teamu a u\u017e ve Slan\u00e9m se p\u0159edstavil kvartet na\u0161ich\u00a0\u00a0 ve slo\u017een\u00ed jeden \u017e\u00e1k, dva kadeti a jedna \u017eena. Na poprv\u00e9 to nebyla \u017e\u00e1dn\u00e1 &#8222;Sl\u00e1vie&#8220;, kdy\u017e roli sehr\u00e1la mo\u017en\u00e1 hlavn\u011b skute\u010dnost, \u017ee na cyklokrosa\u0159sk\u00e1 kola na\u0161i nasko\u010dili z bikov\u00fdch speci\u00e1l\u016f, prakticky bez \u017e\u00e1dn\u00e9\u00a0speci\u00e1ln\u00ed p\u0159\u00edpravy. Uvid\u00edme a moud\u0159ej\u0161\u00ed budeme po druh\u00e9 cyklokrosov\u00e9 &#8222;race&#8220;, kter\u00e1 se jede v ned\u011bli, v jiho\u010desk\u00e9m Vesel\u00ed nad Lu\u017enic\u00ed&#8230;<\/span><\/strong><\/p>\n<figure id=\"attachment_9808\" aria-describedby=\"caption-attachment-9808\" style=\"width: 877px\" class=\"wp-caption alignnone\"><a href=\"http:\/\/www.moravecteam.cz\/?attachment_id=9808\" rel=\"attachment wp-att-9808\"><img decoding=\"async\" loading=\"lazy\" class=\" wp-image-9808\" alt=\"IMG_5661\" src=\"http:\/\/www.moravecteam.cz\/wp-content\/uploads\/2017\/10\/IMG_5661.jpg\" width=\"877\" height=\"1107\" srcset=\"https:\/\/www.moravecteam.cz\/wp-content\/uploads\/2017\/10\/IMG_5661.jpg 877w, https:\/\/www.moravecteam.cz\/wp-content\/uploads\/2017\/10\/IMG_5661-237x300.jpg 237w, https:\/\/www.moravecteam.cz\/wp-content\/uploads\/2017\/10\/IMG_5661-811x1024.jpg 811w\" sizes=\"(max-width: 877px) 100vw, 877px\" \/><\/a><figcaption id=\"caption-attachment-9808\" class=\"wp-caption-text\">Roman \u0160indl\u00e1\u0159 se state\u010dn\u011b popral s mnoha\u010detnou konkurenc\u00ed \u017e\u00e1kovsk\u00e9ho startovn\u00edho pole ve Slan\u00e9m&#8230; Odm\u011bnou mu byl vybojovan\u00fd bod\u00edk za 30. m\u00edsto.<\/figcaption><\/figure>\n<p style=\"text-align: justify;\">Jak to m\u00e1 ten TOI TOI Cup jednoduch\u00e9&#8230; Zat\u00edm, co na MTB &#8222;Vrchovin\u011b&#8220; je vyps\u00e1no rozpisem hned 18 kategori\u00ed, N\u00e1rodn\u00ed cyklokrosov\u00fd poh\u00e1r si vysta\u010d\u00ed s pouhou t\u0159etinou(!) tohoto po\u010dtu&#8230; Z\u00e1vid\u00edme&#8230;\u00a0 Ale up\u0159\u00edm\u011b: i litujeme&#8230;\u00a0 M\u011blo by to b\u00fdt &#8211; logicky &#8211; sp\u00ed\u0161e naopak&#8230; \u017de se v TOP n\u00e1rodn\u00ed sout\u011b\u017ei toto d\u011bje neznamen\u00e1 nic jin\u00e9ho, ne\u017e \u017ee asi nen\u00ed n\u011bkde v\u0161echno \u00fapln\u011b v po\u0159\u00e1dku&#8230;\u00a0 Samoz\u0159ejm\u011b\u00a0 skute\u010dnost, \u017ee \u0161irok\u00e9 v\u011bkov\u00e9\u00a0 rozmez\u00ed\u00a0 od \u00fatl\u00fdch d\u011bt\u00ed po dosp\u011bl\u00e9 obs\u00e1hne\u00a0 pouho &#8211; pouh\u00fdch 6 kategori\u00ed, neznamen\u00e1 nic jin\u00e9ho, ne\u017e \u017ee v\u011bkem bl\u00edzk\u00e9 kategorie jsou kumulov\u00e1ny, slu\u010dov\u00e1ny&#8230;\u00a0Tak je to nap\u0159\u00edklad v r\u00e1mci kategorie \u017e\u00e1k\u016f, kde se vedle sebe na start spole\u010dn\u011b postavili chlapci\u00a0ve v\u011bkov\u00e9m rozmez\u00ed 4 rok\u016f (od ro\u010dn\u00edk\u016f narozen\u00ed 2007\u00a0a\u017e po ro\u010dn\u00edky 2004)\u00a0\u00a0V konkurenci tak\u0159ka sedmdes\u00e1ti prezentovan\u00fdch\u00a0se neztratil \u010derstv\u00fd v\u00edt\u011bz MTB &#8222;Vrchoviny&#8220; ve sv\u00e9 kategorii &#8211;<span style=\"color: #800000;\"><strong> Roman \u0160indel\u00e1\u0159<\/strong><\/span>, kter\u00fd uzav\u0159el bodovanou t\u0159ic\u00edtku a p\u0159ipsal si leto\u0161n\u00ed prvn\u00ed bod\u00edk. Z borc\u016f, kte\u0159\u00ed se letos obvjevovali na MTB &#8222;Vrchovin\u011b&#8220; jsme si mohli pov\u0161imnout ve startovn\u00edm poli \u00a0nap\u0159. Daniela Groha (AUTHOR team Stupno &#8211; \u00a0vyhr\u00e1l letos v r\u00e1mci &#8222;Vrchoviny&#8220; z\u00e1vod mlad\u0161\u00edch \u017e\u00e1k\u016f v B\u0159ezov\u00e9), \u010di Luk\u00e1\u0161e Ra\u0161ky (Short Bike Acaademy Opletal &#8211; celkov\u00fd v\u00edt\u011bz leto\u0161n\u00ed &#8222;Vrchoviny&#8220; v kategorii 9-10 let).<\/p>\n<figure id=\"attachment_9810\" aria-describedby=\"caption-attachment-9810\" style=\"width: 682px\" class=\"wp-caption alignnone\"><a href=\"http:\/\/www.moravecteam.cz\/?attachment_id=9810\" rel=\"attachment wp-att-9810\"><img decoding=\"async\" loading=\"lazy\" class=\" wp-image-9810\" alt=\"IMG_5675\" src=\"http:\/\/www.moravecteam.cz\/wp-content\/uploads\/2017\/10\/IMG_5675.jpg\" width=\"682\" height=\"934\" srcset=\"https:\/\/www.moravecteam.cz\/wp-content\/uploads\/2017\/10\/IMG_5675.jpg 682w, https:\/\/www.moravecteam.cz\/wp-content\/uploads\/2017\/10\/IMG_5675-219x300.jpg 219w\" sizes=\"(max-width: 682px) 100vw, 682px\" \/><\/a><figcaption id=\"caption-attachment-9810\" class=\"wp-caption-text\">V\u011b\u0159me, \u017ee Honza &#8222;D\u017eony&#8220; \u0160indel\u00e1\u0159 si vybral penzum sm\u016fly u\u017e hned v prvn\u00edm z\u00e1vod\u011b ve Slan\u00e9m&#8230;<\/figcaption><\/figure>\n<p style=\"text-align: justify;\">Hned dva na\u0161e z\u00e1stupce jsme monitorovali v legitimn\u00ed kategorii kadet\u016f. Druhoro\u010d\u00e1k<strong><span style=\"color: #800000;\"> Honza \u010e\u017eony&#8220; \u0160indel\u00e1\u0159<\/span> <\/strong>m\u011bl v\u00fdborn\u00fd start a pohyboval se v elitn\u00ed des\u00edtce bezm\u00e1la \u010dty\u0159icetihlav\u00e9ho z\u00e1vodn\u00edho pole. Probl\u00e9my s technikou mu ale vystavily stop a z\u00e1vod nakonec nedokon\u010dil. Druh\u00fd z na\u0161ich startuj\u00edc\u00edch v t\u00e9to kategorii, <strong><span style=\"color: #800000;\">Jakub Tesa\u0159<\/span><\/strong>, z\u00e1vod sice dokon\u010dil, ale se ztr\u00e1tou jednoho kola&#8230; I p\u0159es to bral v c\u00edli bodovan\u00e9, 29. m\u00edsto. Palce jsme v tomto startu dr\u017eeli i na\u0161emu odchovanci, <span style=\"color: #800000;\"><strong>Tom\u00e1\u0161i Tlamkovi &#8222;Contadorovi<\/strong>&#8222;,<\/span> kter\u00fd si v prvn\u00edm TOP z\u00e1vod\u011b po t\u0159\u00edm\u011bs\u00ed\u010dn\u00edm tr\u00e9ninkov\u00e9m v\u00fdpadku, zavin\u011bn\u00e9m nemoc\u00ed dojel pro v\u00fdborn\u00e9 5. m\u00edsto a nazna\u010dil, \u017ee se s n\u00edm u\u017e te\u010f na podzim bude muset po\u010d\u00edtat na\u00a0p\u0159\u00ed\u010dky hodn\u011b v pop\u0159ed\u00ed v\u00fdsledkov\u00fdch listin!\u00a0S Tomem, &#8222;D\u017eonym&#8220; a Kubou startoval ve Slan\u00e9m a v c\u00edli se t\u011b\u0161il ze st\u0159\u00edbrn\u00e9 medaile \u00a0dal\u0161\u00ed z borc\u016f, kter\u00e9mu jsme mohli letos tleskat na &#8222;Vrchovin\u011b&#8220; &#8211; Jan Zatloukal (Ckloteam Kol\u00e1rna &#8211; 2. m\u00edsto ve Valchov\u011b &#8211; Monaco). Jeho t\u00fdmov\u00fd kolega, Jakub \u0158\u00edman, kter\u00fd letos &#8222;Vrchovinov\u00e9&#8220; Valchovsk\u00e9 Monaco vyhr\u00e1l, dojel ve Slan\u00e9m v kategorii junior\u016f na 6. m\u00edst\u011b&#8230; Zd\u00e1 se, \u017ee MTB\u00a0 &#8222;Vrchovina&#8220; kluk\u016fm letos na cyklokros\u00a0hodn\u011b prosp\u011bla!<\/p>\n<figure id=\"attachment_9811\" aria-describedby=\"caption-attachment-9811\" style=\"width: 1199px\" class=\"wp-caption alignnone\"><a href=\"http:\/\/www.moravecteam.cz\/?attachment_id=9811\" rel=\"attachment wp-att-9811\"><img decoding=\"async\" loading=\"lazy\" class=\" wp-image-9811\" alt=\"IMG_5680\" src=\"http:\/\/www.moravecteam.cz\/wp-content\/uploads\/2017\/10\/IMG_5680.jpg\" width=\"1199\" height=\"1386\" srcset=\"https:\/\/www.moravecteam.cz\/wp-content\/uploads\/2017\/10\/IMG_5680.jpg 1199w, https:\/\/www.moravecteam.cz\/wp-content\/uploads\/2017\/10\/IMG_5680-259x300.jpg 259w, https:\/\/www.moravecteam.cz\/wp-content\/uploads\/2017\/10\/IMG_5680-885x1024.jpg 885w\" sizes=\"(max-width: 1199px) 100vw, 1199px\" \/><\/a><figcaption id=\"caption-attachment-9811\" class=\"wp-caption-text\">Jakub Tesa\u0159 p\u0159i premi\u00e9\u0159e mezi kadety ve Slan\u00e9m sice na bodech, ale s kolem ztr\u00e1ty&#8230;\u00a0<\/figcaption><\/figure>\n<p style=\"text-align: justify;\">D\u00edky <strong><span style=\"color: #800000;\">Jan\u011b &#8222;D\u017eejn&#8220; Tes\u0159ov\u00e9<\/span> <\/strong>jsme s nap\u011bt\u00edm vyhl\u00ed\u017eeli i spole\u010dn\u00fd start\u00a0 juniorek a\u00a0 \u017een &#8211; jen\u017e jsou v\u0161echny kumulov\u00e1ny do jedn\u00e9 kategorie &#8211; \u017eeny ELITE. I Jana m\u011bla prvn\u00ed polovinu z\u00e1vodu lep\u0161\u00ed, ne\u017e tu druhou, dlouho dr\u017eela pozici v TOP 20, nakonec skon\u010dila v konkurenci 32 z\u00e1vodnic 22. se ztr\u00e1tou p\u011bti minut na v\u00edt\u011bznou, zku\u0161enou Pavlou Havl\u00edkovou (KC Kooperativa).\u00a0S Janou Tesa\u0159ovou m\u011bla jet z\u00e1vod i <strong><span style=\"color: #800000;\">Anna Zem\u00e1nkov\u00e1<\/span><\/strong>, ta se ale tren\u00e9r\u016fm omluvila a na startu by se m\u011bla objevit \u00a0a\u017e na t\u0159et\u00edm cyklokrosu 7. \u0159\u00edjna v Jabkenic\u00edch. Stejn\u011b byla pro Slan\u00fd omluvena i nemocn\u00e1 <span style=\"color: #800000;\"><strong>Eli\u0161ka Han\u00e1kov\u00e1<\/strong><\/span>, i ona\u00a0se do\u010dk\u00e1 \u00a0sv\u00e9 velk\u00e9 cyklokrosov\u00e9 premi\u00e9ry pravd\u011bpodobn\u011b a\u017e v Jabkenic\u00edch.<\/p>\n<figure id=\"attachment_9814\" aria-describedby=\"caption-attachment-9814\" style=\"width: 1407px\" class=\"wp-caption alignnone\"><a href=\"http:\/\/www.moravecteam.cz\/?attachment_id=9814\" rel=\"attachment wp-att-9814\"><img decoding=\"async\" loading=\"lazy\" class=\" wp-image-9814\" alt=\"IMG_5696\" src=\"http:\/\/www.moravecteam.cz\/wp-content\/uploads\/2017\/10\/IMG_5696.jpg\" width=\"1407\" height=\"1275\" srcset=\"https:\/\/www.moravecteam.cz\/wp-content\/uploads\/2017\/10\/IMG_5696.jpg 1407w, https:\/\/www.moravecteam.cz\/wp-content\/uploads\/2017\/10\/IMG_5696-300x271.jpg 300w, https:\/\/www.moravecteam.cz\/wp-content\/uploads\/2017\/10\/IMG_5696-1024x927.jpg 1024w\" sizes=\"(max-width: 1407px) 100vw, 1407px\" \/><\/a><figcaption id=\"caption-attachment-9814\" class=\"wp-caption-text\">Jana &#8222;D\u017eejn&#8220; Tesa\u0159ov\u00e1 si u\u017eila ve Slan\u00e9m v\u011bru kvalitn\u00edch soupe\u0159ek!<\/figcaption><\/figure>\n<p style=\"text-align: justify;\">Volno pro Slan\u00fd m\u011bla i dal\u0161\u00ed na\u0161e odchovankyn\u011b, kter\u00e9 pravideln\u011b ma\u010dk\u00e1me palce,<strong><span style=\"color: #800000;\"> Ad\u00e9la \u0160af\u00e1\u0159ov\u00e1<\/span> <\/strong>(Nutrend Specialized Racing), kter\u00e1 se tak mohla v dob\u011b sv\u00e9ho z\u00e1vodn\u00edho volny bravurn\u011b zhostit role p\u0159ed\u00e1vaj\u00edc\u00ed \u00a0cen nejlep\u0161\u00edm rajdr\u016fm MTB &#8222;Vrchoviny&#8220; 2017 v elitn\u00edch kategori\u00edch v boskovick\u00e9m z\u00e1vod\u011b. Z jej\u00edch rukou p\u0159evzal cenu minulou ned\u011bli v Boskovic\u00edch i Emil Hekele, aby o \u010dty\u0159i dny pozd\u011bji, z Boskovic evidentn\u011b dob\u0159e rozcvi\u010den, zajel ve slan\u00e9m v\u00fdborn\u011b sv\u016fj z\u00e1vod kategorie mu\u017e\u016f ELITE. V siln\u00e9 mezin\u00e1rodn\u00ed konkurenci musel b\u00fdt se sv\u00fdm 11. m\u00edstem \u00a0v c\u00edli ur\u010dit\u011b spokojen&#8230; N\u00ed\u017ee mrkn\u011bte na dv\u011b fotogalerie ze Slan\u00e9ho a <strong><a href=\"http:\/\/www.cyklokros.cz\/cz\/toi-toi-cup\/toi-toi-cup-2017\/slany\/vysledky\">v\u00fdsledkov\u00fd servis<\/a>.<\/strong><\/p>\n<ul>\n<li><strong><a href=\"http:\/\/moravecteam.rajce.idnes.cz\/2017_09_27_trenink_TOI_TOI_Cup_Slany\/\">fotogalerie \u010d.1<\/a><\/strong><\/li>\n<li><strong><a href=\"http:\/\/moravecteam.rajce.idnes.cz\/2017_09_28_TOI_TOI_Cup_Slany\/\">fotogalerie \u010d.2<\/a><\/strong><\/li>\n<\/ul>\n<figure id=\"attachment_9812\" aria-describedby=\"caption-attachment-9812\" style=\"width: 825px\" class=\"wp-caption alignnone\"><a href=\"http:\/\/www.moravecteam.cz\/?attachment_id=9812\" rel=\"attachment wp-att-9812\"><img decoding=\"async\" loading=\"lazy\" class=\" wp-image-9812\" alt=\"IMG_5688\" src=\"http:\/\/www.moravecteam.cz\/wp-content\/uploads\/2017\/10\/IMG_5688.jpg\" width=\"825\" height=\"907\" srcset=\"https:\/\/www.moravecteam.cz\/wp-content\/uploads\/2017\/10\/IMG_5688.jpg 825w, https:\/\/www.moravecteam.cz\/wp-content\/uploads\/2017\/10\/IMG_5688-272x300.jpg 272w\" sizes=\"(max-width: 825px) 100vw, 825px\" \/><\/a><figcaption id=\"caption-attachment-9812\" class=\"wp-caption-text\">&#8222;Contador&#8220; zajel Slan\u00fd v\u00fdborn\u011b, fini\u0161oval mezi kadety na 5. m\u00edst\u011b s asi minutovou ztr\u00e1tou na v\u00edt\u011bzn\u00e9ho &#8222;Dejva&#8220; \u0160ulce.<\/figcaption><\/figure>\n","protected":false},"excerpt":{"rendered":"<p>Minul\u00fd t\u00fdden, na sv\u00e1te\u010dn\u00ed \u010dtvrtek, odstartoval ve Slan\u00e9m dal\u0161\u00ed ro\u010dn\u00edk TOI TOI Cupu &#8211;\u00a0\u010cesk\u00e9ho poh\u00e1ru v cyklokrosu. I letos se bude t\u00e9to sout\u011b\u017ee,\u00a0v r\u00e1mci\u00a0kter\u00e9\u00a0jsme se do\u010dkali v minulosti nejednoho vav\u0159\u00ednu, \u00a0pravideln\u011b \u00fa\u010dastnit do\u010dasn\u00e1 cyklokrosa\u0159sk\u00e1 \u00a0rota\u00a0 MORAVEC Teamu a u\u017e ve Slan\u00e9m se p\u0159edstavil kvartet na\u0161ich\u00a0\u00a0 ve slo\u017een\u00ed jeden \u017e\u00e1k, dva kadeti a jedna \u017eena. Na &hellip; <a href=\"https:\/\/www.moravecteam.cz\/?p=9795\" class=\"more-link\">Pokra\u010dov\u00e1n\u00ed textu <span class=\"screen-reader-text\">Odstartoval cyklokros!<\/span> <span class=\"meta-nav\">&rarr;<\/span><\/a><\/p>\n","protected":false},"author":3,"featured_media":9809,"comment_status":"open","ping_status":"closed","sticky":false,"template":"","format":"standard","meta":[],"categories":[1],"tags":[],"_links":{"self":[{"href":"https:\/\/www.moravecteam.cz\/index.php?rest_route=\/wp\/v2\/posts\/9795"}],"collection":[{"href":"https:\/\/www.moravecteam.cz\/index.php?rest_route=\/wp\/v2\/posts"}],"about":[{"href":"https:\/\/www.moravecteam.cz\/index.php?rest_route=\/wp\/v2\/types\/post"}],"author":[{"embeddable":true,"href":"https:\/\/www.moravecteam.cz\/index.php?rest_route=\/wp\/v2\/users\/3"}],"replies":[{"embeddable":true,"href":"https:\/\/www.moravecteam.cz\/index.php?rest_route=%2Fwp%2Fv2%2Fcomments&post=9795"}],"version-history":[{"count":17,"href":"https:\/\/www.moravecteam.cz\/index.php?rest_route=\/wp\/v2\/posts\/9795\/revisions"}],"predecessor-version":[{"id":9821,"href":"https:\/\/www.moravecteam.cz\/index.php?rest_route=\/wp\/v2\/posts\/9795\/revisions\/9821"}],"wp:featuredmedia":[{"embeddable":true,"href":"https:\/\/www.moravecteam.cz\/index.php?rest_route=\/wp\/v2\/media\/9809"}],"wp:attachment":[{"href":"https:\/\/www.moravecteam.cz\/index.php?rest_route=%2Fwp%2Fv2%2Fmedia&parent=9795"}],"wp:term":[{"taxonomy":"category","embeddable":true,"href":"https:\/\/www.moravecteam.cz\/index.php?rest_route=%2Fwp%2Fv2%2Fcategories&post=9795"},{"taxonomy":"post_tag","embeddable":true,"href":"https:\/\/www.moravecteam.cz\/index.php?rest_route=%2Fwp%2Fv2%2Ftags&post=9795"}],"curies":[{"name":"wp","href":"https:\/\/api.w.org\/{rel}","templated":true}]}}