{"id":980,"date":"2015-07-07T12:12:31","date_gmt":"2015-07-07T10:12:31","guid":{"rendered":"http:\/\/www.moravecteam.cz\/?p=980"},"modified":"2015-07-08T00:07:25","modified_gmt":"2015-07-07T22:07:25","slug":"excelentni-spesov","status":"publish","type":"post","link":"https:\/\/www.moravecteam.cz\/?p=980","title":{"rendered":"Excelentn\u00ed Spe\u0161ov!"},"content":{"rendered":"<p style=\"text-align: justify;\"><span style=\"color: #800000;\"><strong>Je a\u017e s podivem, jak se postupn\u011b zvy\u0161uje \u00farove\u0148 po\u0159adatelstv\u00ed jednotliv\u00fdch z\u00e1vod\u016f MTB seri\u00e1lu o Poh\u00e1r Drahansk\u00e9 vrchoviny! Jestli-\u017ee jsme napsali minul\u00fd t\u00fdden pomyslnou podtr\u017eenou jedni\u010dku po\u0159adatel\u016fm ze \u017d\u010f\u00e1rn\u00e9, v \u010dele s Mirkem Maz\u00e1nkem, mus\u00edme zrovna tak vyseknout poklonu po v\u010derej\u0161ku i spe\u0161ovsk\u00fdm, v \u010dele s Liborem Tesa\u0159em. Trat\u011b vy\u0161perkovan\u00e9 tak\u0159ka k dokonalosti (v\u010detn\u011b citliv\u011b vlo\u017een\u00fdch um\u011bl\u00fdch p\u0159ek\u00e1\u017eek), hust\u00e1 s\u00ed\u0165 tolik d\u016fle\u017eit\u00fdch &#8222;mar\u0161\u00e1l\u016f&#8220; na kl\u00ed\u010dov\u00fdch \u00fasec\u00edch nejen hlavn\u00edho okruhu, ide\u00e1ln\u00ed z\u00e1zem\u00ed a\u00a0vzorn\u00e1 pohostinnost&#8230; A kdy\u017e k tomu p\u0159ipo\u010dtu rozd\u00e1v\u00e1n\u00ed ovoce v\u0161em p\u0159\u00edtomn\u00fdm p\u016fvabn\u00fdmi po\u0159adatelkami, tak to m\u011b fakt u\u017e dostalo a v pravd\u011b dojalo&#8230;<\/strong><\/span><\/p>\n<figure id=\"attachment_997\" aria-describedby=\"caption-attachment-997\" style=\"width: 592px\" class=\"wp-caption alignnone\"><a href=\"http:\/\/www.moravecteam.cz\/?attachment_id=997\" rel=\"attachment wp-att-997\"><img decoding=\"async\" loading=\"lazy\" class=\" wp-image-997\" alt=\"01\" src=\"http:\/\/www.moravecteam.cz\/wp-content\/uploads\/2015\/07\/01.jpg\" width=\"592\" height=\"444\" srcset=\"https:\/\/www.moravecteam.cz\/wp-content\/uploads\/2015\/07\/01.jpg 592w, https:\/\/www.moravecteam.cz\/wp-content\/uploads\/2015\/07\/01-300x225.jpg 300w\" sizes=\"(max-width: 592px) 100vw, 592px\" \/><\/a><figcaption id=\"caption-attachment-997\" class=\"wp-caption-text\">Sk\u00e1kalo se i ve Spe\u0161ov\u011b. Jak vidno, Patrik Kol\u00e1\u0159 nem\u00e1 s t\u00edmto MTB dopl\u0148kem pra\u017e\u00e1dn\u00fd probl\u00e9m. Naopak&#8230;<\/figcaption><\/figure>\n<p style=\"text-align: justify;\">Vesm\u011bs maxim\u00e1ln\u011b spokojen\u00ed z\u00e1vodn\u00edci se odvd\u011b\u010dili div\u00e1k\u016fm i po\u0159adatel\u016fm v\u00fdborn\u00fdmi v\u00fdkony, av\u0161ak vzhledem k extr\u00e9mn\u00edm teplot\u00e1m a skute\u010dnosti, \u017ee hlavn\u00ed okruh 3.000 m &#8222;vybrousil&#8220; Libor Tesa\u0159 z hlediska technick\u00e9 a fyzick\u00e9 n\u00e1ro\u010dnosti k takov\u00e9 dokonalosti, \u017ee by i pravd\u011bpodobn\u011b n\u00e1\u0161 nov\u00fd kamar\u00e1d &#8211; Julek Absalonovic z Francie, p\u0159ed Liborovou prac\u00ed smekl, nem\u011bli to rajd\u0159i na trat\u00edch v\u016fbec lehk\u00e9&#8230; Z\u00e1vod jsem jel, v\u011b\u0159te, \u017ee v\u00edm o \u010dem mluv\u00edm a bude-li \u010dasov\u00fd prostor, r\u00e1d V\u00e1m pop\u00ed\u0161i, co jsem b\u011bhem t\u011bch 45 minut na trati za\u017e\u00edval&#8230; Ale o m\u011b, samoz\u0159ejm\u011b, \u00a0ani tak moc\u00a0 v to\u00a0sv\u00e1te\u010dn\u00ed pond\u011bl\u00ed ne\u0161lo&#8230;<\/p>\n<figure id=\"attachment_998\" aria-describedby=\"caption-attachment-998\" style=\"width: 1298px\" class=\"wp-caption alignnone\"><a href=\"http:\/\/www.moravecteam.cz\/?attachment_id=998\" rel=\"attachment wp-att-998\"><img decoding=\"async\" loading=\"lazy\" class=\" wp-image-998\" alt=\"02\" src=\"http:\/\/www.moravecteam.cz\/wp-content\/uploads\/2015\/07\/02.jpg\" width=\"1298\" height=\"1054\" srcset=\"https:\/\/www.moravecteam.cz\/wp-content\/uploads\/2015\/07\/02.jpg 1298w, https:\/\/www.moravecteam.cz\/wp-content\/uploads\/2015\/07\/02-300x243.jpg 300w, https:\/\/www.moravecteam.cz\/wp-content\/uploads\/2015\/07\/02-1024x831.jpg 1024w\" sizes=\"(max-width: 1298px) 100vw, 1298px\" \/><\/a><figcaption id=\"caption-attachment-998\" class=\"wp-caption-text\">Dal\u0161\u00ed citliv\u011b vlo\u017een\u00fd um\u011bl\u00fd prvek na trati z d\u00edlny Libora Tesa\u0159e: paletov\u00e9 varhany&#8230;<\/figcaption><\/figure>\n<p style=\"text-align: justify;\">Pot\u011b\u0161ili n\u00e1s v\u00fdkony MORAVC\u016e, kte\u0159\u00ed &#8211; by\u0165\u00a0\u010derstv\u011b se navr\u00e1tiv\u0161\u00ed z n\u00e1ro\u010dn\u00e9 fyzick\u00e9 p\u0159\u00edpravy v Jesen\u00edk\u00e1ch &#8211; po spe\u0161ovsk\u00fdch trat\u00edch doslova &#8222;l\u00edtali&#8220;&#8230; Op\u011bt na sebe upozornila letos v\u00fdborn\u011b jezd\u00edc\u00ed mlad\u0161\u00ed \u017e\u00e1kyn\u011b Krist\u00fdna Kol\u00e1\u0159ov\u00e1, kter\u00e1 nesta\u010dila\u00a0v t\u011b\u017ek\u00e9m z\u00e1vod\u011b jen na Kate\u0159inu Hude\u010dkovou a sv\u00fdm v\u00fdkonem si dodate\u010dn\u011b \u0159ekla o nominaci na\u00a0p\u0159\u00ed\u0161t\u00ed z\u00e1vod \u010cP, kter\u00fd se jede tento v\u00edkend v Brn\u011b. Znalost dom\u00e1c\u00edch trat\u00ed potvrdil ziskem cenn\u00e9ho st\u0159\u00edbra v kategoii mlad\u0161\u00edch \u017e\u00e1k\u016f i Jakub Tesa\u0159. Pot\u011b\u0161il i hattrick v kategorii holek 13-14 let. Celou &#8222;bednu&#8220; jsme zabrali i d\u00edky Anetce Fritzov\u00e9, kter\u00e1 doplnila na bronzov\u00e9m stup\u00ednku ji\u017e osv\u011bd\u010den\u00e9 medailistky &#8211; Terku Obo\u0159ilovou s A\u0148ou Zem\u00e1nkovou. Jako p\u0159es kop\u00edr\u00e1k zopakoval z\u00e1vod ze \u017d\u010f\u00e1rn\u00e9 v\u010detn\u011b v\u00fdsledku i tandem Tom\u00e1\u0161 Tlamka &#8222;Contador&#8220; &#8211; Michal \u0160m\u00edda a my se mohli i d\u00edky jim t\u011b\u0161it s cenn\u00e9ho &#8222;double&#8220;. Nem\u016f\u017eu nezm\u00ednit cennou bronzovou &#8222;bed\u00fdnku&#8220; Maty\u00e1\u0161e Koudelky, jako\u017e i bronz Patrika Kol\u00e1\u0159e v hutn\u00e9m z\u00e1vod\u011b junior\u016f a kadet\u016f. Patrik na bednu doprovodil na\u0161eho odchovance Dominika Prudka a i on sv\u00fdm v\u00fdkonem potvrdil\u00a0v\u00fdkonnost startovat nejen na &#8222;poh\u00e1ru&#8220; v Brn\u011b, ale i o t\u00fdden pozd\u011bji na &#8222;mistr\u00e1ku&#8220; v Kutn\u00e9 Ho\u0159e. Obdobn\u00fd r\u00e1z m\u011bl pro n\u00e1s spole\u010dn\u00fd z\u00e1vod juniorek a kadetek, kter\u00fd ovl\u00e1dla zaky na\u0161e odchovankyn\u011b \u00a0Ad\u00e9la \u0160af\u00e1\u0159ov\u00e1, kter\u00e1 dok\u00e1zala dr\u017eet na trati krok i s v\u00edt\u011bzkou mezi \u017eenami, Luci\u00ed Veselou (GT Opportunity), a kter\u00e9 &#8222;z\u00e1da vzorn\u011b kryla&#8220; dom\u00e1c\u00ed Jana Tesa\u0159ov\u00e1, maj\u00edc\u00ed v noh\u00e1ch n\u00e1ro\u010dnou p\u0159\u00edpravu s reprezenta\u010dn\u00edm v\u00fdb\u011brem \u017e\u00e1k\u016f a kadet\u016f (ten se v minul\u00fdch dnech v Turnov\u011b p\u0159ipravoval pod veden\u00edm tren\u00e9ra Jana Slev\u00ed\u010dka). Mezi dosp\u011bl\u00fdmi jsme mohli tleskat st\u0159\u00edbrn\u00e9 premi\u00e9\u0159e poprv\u00e9 v na\u0161em dresu startuj\u00edc\u00edmu Martinu Gottwaldovi (Masters II) a st\u0159\u00edbrn\u00fd n\u00e1vrat na trat\u011b PDV za\u017eila v \u017een\u00e1ch i Eva Zem\u00e1nkov\u00e1 a ve &#8222;t\u0159et\u00edch Mastrech&#8220; taky V\u00ed\u0165a Prudek. Zkr\u00e1tka MORAVCI ve Spe\u0161ov\u011b &#8222;v\u00e1leli&#8220;\u00a0stejn\u011b tak, jako m\u00edstn\u00ed skupina vzorn\u00fdch a starostliv\u00fdch po\u0159adatel\u016f&#8230; \u00a0Kompletn\u00ed v\u00fdsledkov\u00fd servis nalezneta tradi\u010dn\u011b \u00a0na ofici\u00e1ln\u00ed str\u00e1nce seri\u00e1lu PDV:\u00a0<strong><a href=\"http:\/\/www.pohardrahanskevrchoviny.cz\/\">http:\/\/www.pohardrahanskevrchoviny.cz\/<\/a>. <\/strong><\/p>\n<figure id=\"attachment_1004\" aria-describedby=\"caption-attachment-1004\" style=\"width: 2063px\" class=\"wp-caption alignnone\"><a href=\"http:\/\/www.moravecteam.cz\/?attachment_id=1004\" rel=\"attachment wp-att-1004\"><img decoding=\"async\" loading=\"lazy\" class=\" wp-image-1004 \" alt=\"05\" src=\"http:\/\/www.moravecteam.cz\/wp-content\/uploads\/2015\/07\/05.jpg\" width=\"2063\" height=\"1966\" srcset=\"https:\/\/www.moravecteam.cz\/wp-content\/uploads\/2015\/07\/05.jpg 2063w, https:\/\/www.moravecteam.cz\/wp-content\/uploads\/2015\/07\/05-25x25.jpg 25w, https:\/\/www.moravecteam.cz\/wp-content\/uploads\/2015\/07\/05-300x285.jpg 300w, https:\/\/www.moravecteam.cz\/wp-content\/uploads\/2015\/07\/05-1024x975.jpg 1024w\" sizes=\"(max-width: 2063px) 100vw, 2063px\" \/><\/a><figcaption id=\"caption-attachment-1004\" class=\"wp-caption-text\">Hattrick &#8211; nebo-li kompletn\u011b obsazen\u00e9 stupn\u011b v\u00edt\u011bz\u016f borci \u010di borkami v dresech MORAVCE, to se n\u00e1m u\u017e dlouho nepoda\u0159ilo! Ve Spe\u0161ov\u011b d\u00edk Terce, Ani\u010dce a Anetce &#8211; jo!<\/figcaption><\/figure>\n<p style=\"text-align: justify;\">V pravd\u011b stovky velmi kvalitn\u00edch z ter\u00e9nu \u00a0fotek \u00a0najdete zase \u00a0zde: <strong><a href=\"http:\/\/moravecteam.rajce.idnes.cz\/2015.07.06._PDV_Spesov\/\">http:\/\/moravecteam.rajce.idnes.cz\/2015.07.06._PDV_Spesov\/<\/a>\u00a0<\/strong><\/p>\n<figure id=\"attachment_1003\" aria-describedby=\"caption-attachment-1003\" style=\"width: 2605px\" class=\"wp-caption alignnone\"><a href=\"http:\/\/www.moravecteam.cz\/?attachment_id=1003\" rel=\"attachment wp-att-1003\"><img decoding=\"async\" loading=\"lazy\" class=\" wp-image-1003\" alt=\"06\" src=\"http:\/\/www.moravecteam.cz\/wp-content\/uploads\/2015\/07\/06.jpg\" width=\"2605\" height=\"2013\" srcset=\"https:\/\/www.moravecteam.cz\/wp-content\/uploads\/2015\/07\/06.jpg 2605w, https:\/\/www.moravecteam.cz\/wp-content\/uploads\/2015\/07\/06-300x231.jpg 300w, https:\/\/www.moravecteam.cz\/wp-content\/uploads\/2015\/07\/06-1024x791.jpg 1024w\" sizes=\"(max-width: 2605px) 100vw, 2605px\" \/><\/a><figcaption id=\"caption-attachment-1003\" class=\"wp-caption-text\">Z double v kategorii star\u0161\u00edch \u017e\u00e1k\u016f jsme se mohli op\u011bt radovat d\u00edk v\u00fdkon\u016fm Tom\u00e1\u0161e Tlamky &#8222;Contadora&#8220; a Michala \u0160m\u00eddy!<\/figcaption><\/figure>\n<p style=\"text-align: justify;\">D\u00edky v\u0161em za vzorn\u00e9 repre MORAVCE ve spe\u0161ovsk\u00e9m teplotn\u00edm extr\u00e9mu, podp\u016frn\u00fdm rodinn\u00fdm t\u00fdm\u016fm v\u010detn\u011b!<\/p>\n","protected":false},"excerpt":{"rendered":"<p>Je a\u017e s podivem, jak se postupn\u011b zvy\u0161uje \u00farove\u0148 po\u0159adatelstv\u00ed jednotliv\u00fdch z\u00e1vod\u016f MTB seri\u00e1lu o Poh\u00e1r Drahansk\u00e9 vrchoviny! Jestli-\u017ee jsme napsali minul\u00fd t\u00fdden pomyslnou podtr\u017eenou jedni\u010dku po\u0159adatel\u016fm ze \u017d\u010f\u00e1rn\u00e9, v \u010dele s Mirkem Maz\u00e1nkem, mus\u00edme zrovna tak vyseknout poklonu po v\u010derej\u0161ku i spe\u0161ovsk\u00fdm, v \u010dele s Liborem Tesa\u0159em. Trat\u011b vy\u0161perkovan\u00e9 tak\u0159ka k dokonalosti (v\u010detn\u011b citliv\u011b &hellip; <a href=\"https:\/\/www.moravecteam.cz\/?p=980\" class=\"more-link\">Pokra\u010dov\u00e1n\u00ed textu <span class=\"screen-reader-text\">Excelentn\u00ed Spe\u0161ov!<\/span> <span class=\"meta-nav\">&rarr;<\/span><\/a><\/p>\n","protected":false},"author":3,"featured_media":0,"comment_status":"closed","ping_status":"closed","sticky":false,"template":"","format":"standard","meta":[],"categories":[1],"tags":[],"_links":{"self":[{"href":"https:\/\/www.moravecteam.cz\/index.php?rest_route=\/wp\/v2\/posts\/980"}],"collection":[{"href":"https:\/\/www.moravecteam.cz\/index.php?rest_route=\/wp\/v2\/posts"}],"about":[{"href":"https:\/\/www.moravecteam.cz\/index.php?rest_route=\/wp\/v2\/types\/post"}],"author":[{"embeddable":true,"href":"https:\/\/www.moravecteam.cz\/index.php?rest_route=\/wp\/v2\/users\/3"}],"replies":[{"embeddable":true,"href":"https:\/\/www.moravecteam.cz\/index.php?rest_route=%2Fwp%2Fv2%2Fcomments&post=980"}],"version-history":[{"count":10,"href":"https:\/\/www.moravecteam.cz\/index.php?rest_route=\/wp\/v2\/posts\/980\/revisions"}],"predecessor-version":[{"id":1005,"href":"https:\/\/www.moravecteam.cz\/index.php?rest_route=\/wp\/v2\/posts\/980\/revisions\/1005"}],"wp:attachment":[{"href":"https:\/\/www.moravecteam.cz\/index.php?rest_route=%2Fwp%2Fv2%2Fmedia&parent=980"}],"wp:term":[{"taxonomy":"category","embeddable":true,"href":"https:\/\/www.moravecteam.cz\/index.php?rest_route=%2Fwp%2Fv2%2Fcategories&post=980"},{"taxonomy":"post_tag","embeddable":true,"href":"https:\/\/www.moravecteam.cz\/index.php?rest_route=%2Fwp%2Fv2%2Ftags&post=980"}],"curies":[{"name":"wp","href":"https:\/\/api.w.org\/{rel}","templated":true}]}}