{"id":9822,"date":"2017-10-02T23:02:33","date_gmt":"2017-10-02T21:02:33","guid":{"rendered":"http:\/\/www.moravecteam.cz\/?p=9822"},"modified":"2017-10-03T07:30:33","modified_gmt":"2017-10-03T05:30:33","slug":"co-se-bude-dit-st40-3","status":"publish","type":"post","link":"https:\/\/www.moravecteam.cz\/?p=9822","title":{"rendered":"Co se bude d\u00edt? (ST40)-2"},"content":{"rendered":"<h5><span style=\"color: #993300;\">St\u0159eda 4.10. 2017<\/span><\/h5>\n<p style=\"text-align: justify;\">Dal\u0161\u00ed \u00a0ter\u00e9nn\u00ed tr\u00e9nink MORAVEC Junior Teamu. Sraz mlad\u00fdch biker\u016f je v 16.30 hodin na Okrouhl\u00e9, U Pazderny.<\/p>\n<p style=\"text-align: justify;\"><strong><span style=\"color: #ff0000;\">POZOR!<\/span> <\/strong>Soub\u011b\u017en\u011b s tr\u00e9ninkem prob\u011bhne od stejn\u00e9ho \u010dasu (tj. od 16.30 hodin) BRIG\u00c1DA, kdy provedeme rozvoz \u0161otoliny na zpevn\u011bn\u00ed m\u00edstn\u00ed tra\u0165ov\u00e9 pas\u00e1\u017ee &#8222;Skalka&#8220;, aby mohli na ja\u0159e zde na\u0161i v poho tr\u00e9novat&#8230; Brigad\u00fdr\u016fm bude velet &#8211; kdo jin\u00fd ne\u017e &#8211; <strong><span style=\"color: #800000;\">Vlast\u00edk Odehnal<\/span> <\/strong>a \u010dek\u00e1m V\u00e1s na place ve stejn\u00e9m, ba je\u0161t\u011b vy\u0161\u0161\u00edm po\u010dtu, ne\u017e v p\u00e1tek 22.9. 2017 p\u0159i &#8222;ml\u00edkova\u010dce&#8220; v Boskovic\u00edch. Krom\u011b pracovn\u00edho ud\u011bvu si s sebou dovezte <strong><a href=\"https:\/\/www.obrazky.cz\/?q=stavebn%C3%AD%20kole%C4%8Dko&amp;fulltext&amp;mm=2#utm_source=search.seznam.cz&amp;utm_medium=hint&amp;utm_term=stavebn%C3%AD%20kole%C4%8Dko&amp;utm_content=obrazky\">stavebn\u00ed kole\u010dko<\/a><\/strong> (slovensky &#8222;f\u016frik&#8220;) + lopatu, nejl\u00e9pe <strong><a href=\"http:\/\/www.kovovyrobaslavik.com\/kovovyroba\/eshop\/1-1-Lopaty-a-ryce\/0\/5\/17-Lopata-Fe-srdcovka\">&#8222;\u0161tichovku&#8220;<\/a><\/strong>! Brig\u00e1da se samoz\u0159ejm\u011b t\u00fdk\u00e1 <strong><span style=\"color: #800000;\">V\u0160ECH MORAVC\u016e,<\/span><\/strong> nejen t\u011bch, kte\u0159\u00ed by p\u0159ivezli svoje sv\u011b\u0159ence na tr\u00e9nink JUNIOR Teamu&#8230; Rozum\u00edme si, &#8222;VO CO GOU&#8220;&#8230; Na place \u010dek\u00e1m hlavn\u011b ty pracovn\u011b na\u017ehaven\u00e9 rodi\u010de, se kter\u00fdmi jsem se p\u0159i podobn\u00fdch akc\u00edch letos je\u0161t\u011b nesetkal a u\u017e si ani nepamatuji, jak vlastn\u011b vypadaj\u00ed&#8230; Omluvou je pro m\u011b pouze z\u00e1va\u017en\u00e9 onemocn\u011bn\u00ed, formou hospitalizace v nemocni\u010dn\u00edm za\u0159\u00edzen\u00ed&#8230;<\/p>\n<h5 style=\"text-align: justify;\"><span style=\"color: #800000;\">P\u00e1tek 6.10.2017<\/span><\/h5>\n<p style=\"text-align: justify;\">Odjezd do\u010dasn\u00e9 cyklokrosov\u00e9 roty na t\u0159et\u00ed z\u00e1vod \u010cesk\u00e9ho poh\u00e1ru do Jabkenic. Velitelem v\u00fdsadku s kryc\u00edm n\u00e1zvem <span style=\"color: #800000;\"><strong>CASTELPOOL<\/strong><\/span> je Honza \u0160indel\u00e1\u0159 st., nominace na\u0161ich rajdr\u016f bude na z\u00e1klad\u011b v\u00fdsledk\u016f prvn\u00edch dvou z\u00e1vod\u016f ozn\u00e1mena tren\u00e9ry do st\u0159edy 4.10.2017. Zde studujte <strong><a href=\"http:\/\/www.cyklokros.cz\/data\/web\/toitoicup\/2017\/jabkenice_propozice_2017.pdf\">propozice.<\/a><\/strong><\/p>\n<h5 style=\"text-align: justify;\"><span style=\"color: #800000;\"><strong>Sobota 7.10. 2017<\/strong><\/span><\/h5>\n<p style=\"text-align: justify;\">T\u0159et\u00ed z\u00e1vod \u010cesk\u00e9ho poh\u00e1ru v cyklokrosu v Jabkenic\u00edch. Zde studujte <strong><a href=\"http:\/\/www.cyklokros.cz\/data\/web\/toitoicup\/2017\/jabkenice_propozice_2017.pdf\">propozice.<\/a><\/strong><\/p>\n<h5><span style=\"color: #800000;\">Ned\u011ble 8.10. 2017<\/span><\/h5>\n<p style=\"text-align: justify;\">Dal\u0161\u00ed z tradi\u010dn\u00edch region\u00e1ln\u00edch kultovn\u00edch MTB z\u00e1vod\u016f &#8211; Sob\u011b\u0161ick\u00e1 mulda. \u00da\u010dast a dopravu si ka\u017ed\u00fd zaji\u0161\u0165uje s\u00e1m. Zde mrkn\u011bte na <strong><a href=\"http:\/\/czex.cz\/mulda\/start\">propozice.<\/a><\/strong><\/p>\n<h5><\/h5>\n","protected":false},"excerpt":{"rendered":"<p>St\u0159eda 4.10. 2017 Dal\u0161\u00ed \u00a0ter\u00e9nn\u00ed tr\u00e9nink MORAVEC Junior Teamu. Sraz mlad\u00fdch biker\u016f je v 16.30 hodin na Okrouhl\u00e9, U Pazderny. POZOR! Soub\u011b\u017en\u011b s tr\u00e9ninkem prob\u011bhne od stejn\u00e9ho \u010dasu (tj. od 16.30 hodin) BRIG\u00c1DA, kdy provedeme rozvoz \u0161otoliny na zpevn\u011bn\u00ed m\u00edstn\u00ed tra\u0165ov\u00e9 pas\u00e1\u017ee &#8222;Skalka&#8220;, aby mohli na ja\u0159e zde na\u0161i v poho tr\u00e9novat&#8230; Brigad\u00fdr\u016fm bude velet &hellip; <a href=\"https:\/\/www.moravecteam.cz\/?p=9822\" class=\"more-link\">Pokra\u010dov\u00e1n\u00ed textu <span class=\"screen-reader-text\">Co se bude d\u00edt? (ST40)-2<\/span> <span class=\"meta-nav\">&rarr;<\/span><\/a><\/p>\n","protected":false},"author":3,"featured_media":9830,"comment_status":"open","ping_status":"closed","sticky":false,"template":"","format":"standard","meta":[],"categories":[11],"tags":[],"_links":{"self":[{"href":"https:\/\/www.moravecteam.cz\/index.php?rest_route=\/wp\/v2\/posts\/9822"}],"collection":[{"href":"https:\/\/www.moravecteam.cz\/index.php?rest_route=\/wp\/v2\/posts"}],"about":[{"href":"https:\/\/www.moravecteam.cz\/index.php?rest_route=\/wp\/v2\/types\/post"}],"author":[{"embeddable":true,"href":"https:\/\/www.moravecteam.cz\/index.php?rest_route=\/wp\/v2\/users\/3"}],"replies":[{"embeddable":true,"href":"https:\/\/www.moravecteam.cz\/index.php?rest_route=%2Fwp%2Fv2%2Fcomments&post=9822"}],"version-history":[{"count":8,"href":"https:\/\/www.moravecteam.cz\/index.php?rest_route=\/wp\/v2\/posts\/9822\/revisions"}],"predecessor-version":[{"id":9832,"href":"https:\/\/www.moravecteam.cz\/index.php?rest_route=\/wp\/v2\/posts\/9822\/revisions\/9832"}],"wp:featuredmedia":[{"embeddable":true,"href":"https:\/\/www.moravecteam.cz\/index.php?rest_route=\/wp\/v2\/media\/9830"}],"wp:attachment":[{"href":"https:\/\/www.moravecteam.cz\/index.php?rest_route=%2Fwp%2Fv2%2Fmedia&parent=9822"}],"wp:term":[{"taxonomy":"category","embeddable":true,"href":"https:\/\/www.moravecteam.cz\/index.php?rest_route=%2Fwp%2Fv2%2Fcategories&post=9822"},{"taxonomy":"post_tag","embeddable":true,"href":"https:\/\/www.moravecteam.cz\/index.php?rest_route=%2Fwp%2Fv2%2Ftags&post=9822"}],"curies":[{"name":"wp","href":"https:\/\/api.w.org\/{rel}","templated":true}]}}