{"id":9833,"date":"2017-10-04T22:28:10","date_gmt":"2017-10-04T20:28:10","guid":{"rendered":"http:\/\/www.moravecteam.cz\/?p=9833"},"modified":"2017-10-04T22:28:10","modified_gmt":"2017-10-04T20:28:10","slug":"z-veseli-bez-radosti","status":"publish","type":"post","link":"https:\/\/www.moravecteam.cz\/?p=9833","title":{"rendered":"Z Vesel\u00ed bez radosti&#8230;"},"content":{"rendered":"<p style=\"text-align: justify;\"><span style=\"color: #800000;\"><strong>Vesel\u00ed<\/strong><\/span><span style=\"color: #800000;\"><strong> nad Lu\u017enic\u00ed, jiho\u010desk\u00e9 m\u011bste\u010dko, kter\u00e9 najdete na \u017eelezni\u010dn\u00ed &#8222;\u0161trece&#8220; Praha &#8211; T\u00e1bor, pohostilo minulou ned\u011bli n\u00e1rodn\u00ed cyklokrosov\u00fd poh\u00e1r v ml\u00e1de\u017enick\u00fdch kategori\u00edch. Z dob, co se MORAVEC \u010desk\u00e9ho poh\u00e1ru v t\u00e9to discipl\u00edn\u011b \u00fa\u010dastn\u00ed, se na tuto &#8222;\u0161taci&#8220;\u00a0p\u0159\u00edli\u0161 neupamatov\u00e1v\u00e1me, zku\u0161en\u00ed ale potvrdili\u00a0cyklokrosa\u0159skou tradici ve Vesel\u00ed nad Lu\u017enic\u00ed, i\u00a0kdy\u017e\u00a0\u00a0z dob u\u017e hodn\u011b d\u00e1vn\u00fdch&#8230; Kvartet MORAVC\u016e, kter\u00fd z\u00e1vodil ve Slan\u00e9m, se objevil na startu i v ji\u017en\u00edch \u010cech\u00e1ch s v\u00fdsledkem, kter\u00fd byl ale o pozn\u00e1n\u00ed hor\u0161\u00ed ne\u017e p\u0159i \u010dtvrte\u010dn\u00ed premi\u00e9\u0159e&#8230;<\/strong><\/span><\/p>\n<figure id=\"attachment_9842\" aria-describedby=\"caption-attachment-9842\" style=\"width: 595px\" class=\"wp-caption alignnone\"><a href=\"http:\/\/www.moravecteam.cz\/?attachment_id=9842\" rel=\"attachment wp-att-9842\"><img decoding=\"async\" loading=\"lazy\" class=\" wp-image-9842\" alt=\"IMG_5683\" src=\"http:\/\/www.moravecteam.cz\/wp-content\/uploads\/2017\/10\/IMG_5683.jpg\" width=\"595\" height=\"654\" srcset=\"https:\/\/www.moravecteam.cz\/wp-content\/uploads\/2017\/10\/IMG_5683.jpg 595w, https:\/\/www.moravecteam.cz\/wp-content\/uploads\/2017\/10\/IMG_5683-272x300.jpg 272w\" sizes=\"(max-width: 595px) 100vw, 595px\" \/><\/a><figcaption id=\"caption-attachment-9842\" class=\"wp-caption-text\">Honza &#8222;D\u017eony&#8220; \u0160indel\u00e1\u0159 zat\u00edm zajel v leto\u0161n\u00edch cyklokrosech pro MORAVEC ve Vesel\u00ed nad Lu\u017enic\u00ed TOP v\u00fdsledek.<\/figcaption><\/figure>\n<p style=\"text-align: justify;\">Na ne p\u0159\u00edli\u0161 dlouh\u00e9m (2500 m), ale profilov\u011b docela n\u00e1ro\u010dn\u00e9m okruhu, se sjela v ml\u00e1de\u017enick\u00fdch kategori\u00edch prakticky identick\u00e1 konkurence, jako\u00a0\u00a0na \u010dtvrte\u010dn\u00ed \u00a0&#8222;c\u00e9-jedni\u010dce&#8220;. Na\u0161i zde potr\u00e9novali u\u017e v sobotu a v ned\u011bli zas\u00e1hl do boj\u016f\u00a0znovu jako prvn\u00ed ve spole\u010dn\u00e9m startu \u017e\u00e1k\u016f &#8211;\u00a0<span style=\"color: #800000;\"><strong>Roman \u0160indel\u00e1\u0159.<\/strong> <span style=\"color: #000000;\">V op\u011bt po\u010detn\u00e9 konkurenci (startovalo celkem 63 \u00a0z\u00e1vodn\u00edk\u016f) tentokr\u00e1t Rom\u010da na body nedos\u00e1hnul, kdy\u017e mu k nim chyb\u011bla necel\u00e1 minuta&#8230; Po dvou z\u00e1vodech figuruje n\u00e1\u0161 mlad\u00fd borec zat\u00edm na pr\u016fb\u011b\u017en\u00e9m 34. m\u00edst\u011b. <\/span><\/span><\/p>\n<figure id=\"attachment_9840\" aria-describedby=\"caption-attachment-9840\" style=\"width: 1073px\" class=\"wp-caption alignnone\"><a href=\"http:\/\/www.moravecteam.cz\/?attachment_id=9840\" rel=\"attachment wp-att-9840\"><img decoding=\"async\" loading=\"lazy\" class=\" wp-image-9840 \" alt=\"IMG_5665\" src=\"http:\/\/www.moravecteam.cz\/wp-content\/uploads\/2017\/10\/IMG_5665.jpg\" width=\"1073\" height=\"937\" srcset=\"https:\/\/www.moravecteam.cz\/wp-content\/uploads\/2017\/10\/IMG_5665.jpg 1073w, https:\/\/www.moravecteam.cz\/wp-content\/uploads\/2017\/10\/IMG_5665-300x261.jpg 300w, https:\/\/www.moravecteam.cz\/wp-content\/uploads\/2017\/10\/IMG_5665-1024x894.jpg 1024w\" sizes=\"(max-width: 1073px) 100vw, 1073px\" \/><\/a><figcaption id=\"caption-attachment-9840\" class=\"wp-caption-text\">Seskakov\u00e1n\u00ed a naskakov\u00e1n\u00ed na kolo&#8230; B\u011b\u017en\u00e1 z\u00e1vodn\u00ed rutina ka\u017ed\u00e9ho cyklokrosa\u0159e&#8230; Na fotce v pod\u00e1n\u00ed Romana \u0160indel\u00e1\u0159e.<\/figcaption><\/figure>\n<p style=\"text-align: justify;\"><span style=\"color: #800000;\"><span style=\"color: #000000;\">Z bodov\u00e9ho\u00a0 pohledu si na tom st\u00e1li v ned\u011bli po z\u00e1vod\u011b l\u00e9pe oba na\u0161i kadeti. <span style=\"color: #800000;\"><strong>Jakub Tesa\u0159<\/strong> <\/span>byl sice op\u011bt ze z\u00e1vodu sta\u017een pro velkou ztr\u00e1tu na \u010delo z\u00e1vodu p\u0159ed\u010dasn\u011b, ale proto\u017ee kadet\u016f\u00a0startovalo\u00a0\u00a0tentokr\u00e1t &#8222;pouze&#8220; 30, 29. m\u00edsto, ne kter\u00e9m se objevil ve v\u00fdsledkov\u00fdch listin\u00e1ch, znamenalo p\u0159\u00edpis dvou bod\u00edk\u016f do jeho leto\u0161n\u00edho cyklokrosov\u00e9ho \u00fa\u010dtu. Prapor MORAVCE pak jak\u017e &#8211; tak\u017e \u00a0podr\u017eel v \u00a0tomto startu v c\u00edli 18. \u00a0<strong><span style=\"color: #800000;\">Honza &#8222;D\u017eony&#8220; \u0160indel\u00e1\u0159<\/span><\/strong>. Slu\u0161n\u00fd bodov\u00fd zisk ho po smoln\u00e9m, \u00a0nedokon\u010den\u00e9m z\u00e1vod\u011b ve Slan\u00e9m &#8222;katapultoval&#8220; na pr\u016fb\u011b\u017en\u00e9 25. m\u00edsto, Jakub Tesa\u0159 je zat\u00edm 33. Palce jsme v tomto startu zm\u00e1\u010dkli op\u011bt i na\u0161emu odchovanci <strong><span style=\"color: #800000;\">Tom\u00e1\u0161i Tlamkovi &#8222;Contadorovi&#8220;,<\/span> <\/strong>kter\u00fd po p\u00e1t\u00e9m m\u00edst\u011b ve \u010dtvrtek bral v ned\u011bli 8. m\u00edsto a po dvou z\u00e1vodech figuruje na pr\u016fb\u011b\u017en\u00e9m 7. stup\u00ednku.<\/span><\/span><\/p>\n<figure id=\"attachment_9841\" aria-describedby=\"caption-attachment-9841\" style=\"width: 1316px\" class=\"wp-caption alignnone\"><a href=\"http:\/\/www.moravecteam.cz\/?attachment_id=9841\" rel=\"attachment wp-att-9841\"><img decoding=\"async\" loading=\"lazy\" class=\" wp-image-9841\" alt=\"IMG_5680 (1)\" src=\"http:\/\/www.moravecteam.cz\/wp-content\/uploads\/2017\/10\/IMG_5680-1.jpg\" width=\"1316\" height=\"1350\" srcset=\"https:\/\/www.moravecteam.cz\/wp-content\/uploads\/2017\/10\/IMG_5680-1.jpg 1316w, https:\/\/www.moravecteam.cz\/wp-content\/uploads\/2017\/10\/IMG_5680-1-25x25.jpg 25w, https:\/\/www.moravecteam.cz\/wp-content\/uploads\/2017\/10\/IMG_5680-1-292x300.jpg 292w, https:\/\/www.moravecteam.cz\/wp-content\/uploads\/2017\/10\/IMG_5680-1-998x1024.jpg 998w\" sizes=\"(max-width: 1316px) 100vw, 1316px\" \/><\/a><figcaption id=\"caption-attachment-9841\" class=\"wp-caption-text\">Ve v\u00fdjezdu Jakub Tesa\u0159. Tato fotka, stejn\u011b jako i ostatn\u00ed fotky v t\u00e9to aktualit\u011b, jsou ze z\u00e1vodu ve Slan\u00e9m.<\/figcaption><\/figure>\n<p style=\"text-align: justify;\">\u017deny a mu\u017ei ELITE\u00a0 m\u011bli z\u00e1vod vypsan\u00fd pouze jako OPEN. Zat\u00edm\u00a0 co <strong><span style=\"color: #800000;\">Dominik Prudek<\/span> <\/strong>je\u0161t\u011b dol\u00e9\u010duje zran\u011bn\u00e9 z\u00e1p\u011bst\u00ed a na startu by se m\u011bl objevit v z\u00e1vod\u011b mu\u017e\u016f ELITE a\u017e 14. \u0159\u00edjna v Hlinsku, <span style=\"color: #800000;\"><strong>Jana &#8222;\u010e\u017eejn&#8220; Tesa\u0159ov\u00e1<\/strong><\/span> zm\u011b\u0159ila ve Vesel\u00ed nad Lu\u017enic\u00ed v otev\u0159en\u00e9m z\u00e1vod\u011b s\u00edly se \u010dtrn\u00e1cti, v celku kvalitn\u00edmi soupe\u0159kami. A zpo\u010d\u00e1tku si nevedla v\u016fbec \u0161patn\u011b. Jela ve skupince pron\u00e1sledovatelek suver\u00e9nn\u00edch Martiny Mikul\u00e1\u0161kov\u00e9\u00a0s Terezou Van\u00ed\u010dkovou s dobrou nad\u011bj\u00ed na slu\u0161n\u00e9 um\u00edst\u011bn\u00ed. Ve zhruba\u00a0polovin\u011b z\u00e1vodu ale ze z\u00e1vodu bohu\u017eel odstoupila pro zdravotn\u00ed indispozici.<\/p>\n<figure id=\"attachment_9844\" aria-describedby=\"caption-attachment-9844\" style=\"width: 1325px\" class=\"wp-caption alignnone\"><a href=\"http:\/\/www.moravecteam.cz\/?attachment_id=9844\" rel=\"attachment wp-att-9844\"><img decoding=\"async\" loading=\"lazy\" class=\" wp-image-9844\" alt=\"IMG_5696 (1)\" src=\"http:\/\/www.moravecteam.cz\/wp-content\/uploads\/2017\/10\/IMG_5696-1.jpg\" width=\"1325\" height=\"1320\" srcset=\"https:\/\/www.moravecteam.cz\/wp-content\/uploads\/2017\/10\/IMG_5696-1.jpg 1325w, https:\/\/www.moravecteam.cz\/wp-content\/uploads\/2017\/10\/IMG_5696-1-25x25.jpg 25w, https:\/\/www.moravecteam.cz\/wp-content\/uploads\/2017\/10\/IMG_5696-1-300x298.jpg 300w, https:\/\/www.moravecteam.cz\/wp-content\/uploads\/2017\/10\/IMG_5696-1-1024x1020.jpg 1024w\" sizes=\"(max-width: 1325px) 100vw, 1325px\" \/><\/a><figcaption id=\"caption-attachment-9844\" class=\"wp-caption-text\">Jana &#8222;D\u017eejn&#8220; Tesa\u0159ov\u00e1 m\u011bla z\u00e1vod ve Vesel\u00ed nad Lu\u017enic\u00ed rozjet\u00fd velmi dob\u0159e&#8230;. I tato fotka je ze Slan\u00e9ho, kde se s c\u00edlem potkala na 22. m\u00edst\u011b.<\/figcaption><\/figure>\n<p style=\"text-align: justify;\">Prvn\u00ed dva cyklokrosy n\u00e1m tedy p\u0159\u00edli\u0161 radosti nep\u0159inesly, nicm\u00e9n\u011b u\u017e ve Jabkenic\u00edch se na startu objev\u00ed p\u0159i sv\u00e9 premi\u00e9\u0159e talentovan\u00e1 <strong><span style=\"color: #800000;\">Eli\u0161ka Han\u00e1kov\u00e1<\/span> <\/strong>a Janu &#8222;D\u017eejn&#8220; Tesa\u0159ovou &#8222;zdvoj\u00ed&#8220; zku\u0161en\u00e1 cyklokrosa\u0159ka\u00a0<strong><span style=\"color: #800000;\">Anna Zem\u00e1nkov\u00e1<\/span><\/strong>. A mo\u017en\u00e1 \u00fa\u010dast &#8222;\u010derstv\u00fdch sil&#8220; bude tou pravou vzpruhou i pro ostatn\u00ed! Budeme pevn\u011b v\u011b\u0159it a budeme dr\u017eet palce! Zde studujte <a href=\"http:\/\/www.cyklokros.cz\/cz\/toi-toi-cup\/toi-toi-cup-2017\/veseli-nad-luznici\/vysledky\"><strong>v\u00fdsledkov\u00e9 souhrny<\/strong><\/a> z <a href=\"http:\/\/www.cyklokros.cz\/cz\/toi-toi-cup\/aktuality\/763-ve-veseli-se-radovalo-trio-dosud-neporazenych\"><strong>Vesel\u00ed nad Lu\u017enic\u00ed<\/strong><\/a>, kter\u00e9 ale pro n\u00e1s zat\u00edm moc povzbudiv\u00e9 nejsou&#8230;<\/p>\n<p style=\"text-align: justify;\">\n","protected":false},"excerpt":{"rendered":"<p>Vesel\u00ed nad Lu\u017enic\u00ed, jiho\u010desk\u00e9 m\u011bste\u010dko, kter\u00e9 najdete na \u017eelezni\u010dn\u00ed &#8222;\u0161trece&#8220; Praha &#8211; T\u00e1bor, pohostilo minulou ned\u011bli n\u00e1rodn\u00ed cyklokrosov\u00fd poh\u00e1r v ml\u00e1de\u017enick\u00fdch kategori\u00edch. Z dob, co se MORAVEC \u010desk\u00e9ho poh\u00e1ru v t\u00e9to discipl\u00edn\u011b \u00fa\u010dastn\u00ed, se na tuto &#8222;\u0161taci&#8220;\u00a0p\u0159\u00edli\u0161 neupamatov\u00e1v\u00e1me, zku\u0161en\u00ed ale potvrdili\u00a0cyklokrosa\u0159skou tradici ve Vesel\u00ed nad Lu\u017enic\u00ed, i\u00a0kdy\u017e\u00a0\u00a0z dob u\u017e hodn\u011b d\u00e1vn\u00fdch&#8230; Kvartet MORAVC\u016e, kter\u00fd z\u00e1vodil &hellip; <a href=\"https:\/\/www.moravecteam.cz\/?p=9833\" class=\"more-link\">Pokra\u010dov\u00e1n\u00ed textu <span class=\"screen-reader-text\">Z Vesel\u00ed bez radosti&#8230;<\/span> <span class=\"meta-nav\">&rarr;<\/span><\/a><\/p>\n","protected":false},"author":3,"featured_media":9839,"comment_status":"open","ping_status":"closed","sticky":false,"template":"","format":"standard","meta":[],"categories":[1],"tags":[],"_links":{"self":[{"href":"https:\/\/www.moravecteam.cz\/index.php?rest_route=\/wp\/v2\/posts\/9833"}],"collection":[{"href":"https:\/\/www.moravecteam.cz\/index.php?rest_route=\/wp\/v2\/posts"}],"about":[{"href":"https:\/\/www.moravecteam.cz\/index.php?rest_route=\/wp\/v2\/types\/post"}],"author":[{"embeddable":true,"href":"https:\/\/www.moravecteam.cz\/index.php?rest_route=\/wp\/v2\/users\/3"}],"replies":[{"embeddable":true,"href":"https:\/\/www.moravecteam.cz\/index.php?rest_route=%2Fwp%2Fv2%2Fcomments&post=9833"}],"version-history":[{"count":5,"href":"https:\/\/www.moravecteam.cz\/index.php?rest_route=\/wp\/v2\/posts\/9833\/revisions"}],"predecessor-version":[{"id":9847,"href":"https:\/\/www.moravecteam.cz\/index.php?rest_route=\/wp\/v2\/posts\/9833\/revisions\/9847"}],"wp:featuredmedia":[{"embeddable":true,"href":"https:\/\/www.moravecteam.cz\/index.php?rest_route=\/wp\/v2\/media\/9839"}],"wp:attachment":[{"href":"https:\/\/www.moravecteam.cz\/index.php?rest_route=%2Fwp%2Fv2%2Fmedia&parent=9833"}],"wp:term":[{"taxonomy":"category","embeddable":true,"href":"https:\/\/www.moravecteam.cz\/index.php?rest_route=%2Fwp%2Fv2%2Fcategories&post=9833"},{"taxonomy":"post_tag","embeddable":true,"href":"https:\/\/www.moravecteam.cz\/index.php?rest_route=%2Fwp%2Fv2%2Ftags&post=9833"}],"curies":[{"name":"wp","href":"https:\/\/api.w.org\/{rel}","templated":true}]}}