{"id":9848,"date":"2017-10-07T20:42:24","date_gmt":"2017-10-07T18:42:24","guid":{"rendered":"http:\/\/www.moravecteam.cz\/?p=9848"},"modified":"2017-10-08T22:28:46","modified_gmt":"2017-10-08T20:28:46","slug":"i-kpz-v-cili","status":"publish","type":"post","link":"https:\/\/www.moravecteam.cz\/?p=9848","title":{"rendered":"I Kp\u017d v c\u00edli!-2"},"content":{"rendered":"<p style=\"text-align: justify;\"><span style=\"color: #800000;\"><strong>Na p\u0159elomu z\u00e1\u0159\u00ed a \u0159\u00edjna dospurtoval do c\u00edle i dal\u0161\u00ed, bikery obl\u00edben\u00fd seri\u00e1l, MTB maratonsk\u00e9 Kolo pro \u017eivot. Fin\u00e1le pohostila\u00a0v sobotu\u00a030. z\u00e1\u0159\u00ed a v ned\u011bli 1. \u0159\u00edjna\u00a0novom\u011bstsk\u00e1 Vyso\u010dina ar\u00e9na a v po\u010detn\u00e9m poli startuj\u00edc\u00edch nechyb\u011bla ani siln\u00e1 skupina MORAVEC Teamu, jej\u00edmi\u017e l\u00eddry byli na\u0161i leto\u0161n\u00ed specialist\u00e9 pro tento z\u00e1vod: sourozenci Maty\u00e1\u0161 a Lucinka Koudelkovi. Krom\u011b nich jsem napo\u010d\u00edtal dal\u0161\u00edch\u00a0des\u00edtku borc\u016f v na\u0161ich dresech, kte\u0159\u00ed na r\u016fzn\u00fdch druz\u00edch m\u00edstn\u00edch n\u00e1ro\u010dn\u00fdch trat\u00ed &#8222;potili krev&#8220; za odd\u00edl. A odm\u011bnou jim byly vybojovan\u00e9 dva cenn\u00e9 kovy!<\/strong><\/span><\/p>\n<figure id=\"attachment_9860\" aria-describedby=\"caption-attachment-9860\" style=\"width: 406px\" class=\"wp-caption aligncenter\"><a href=\"http:\/\/www.moravecteam.cz\/?attachment_id=9860\" rel=\"attachment wp-att-9860\"><img decoding=\"async\" loading=\"lazy\" class=\"size-full wp-image-9860 \" alt=\"PA017833\" src=\"http:\/\/www.moravecteam.cz\/wp-content\/uploads\/2017\/10\/PA017833.jpg\" width=\"406\" height=\"398\" srcset=\"https:\/\/www.moravecteam.cz\/wp-content\/uploads\/2017\/10\/PA017833.jpg 406w, https:\/\/www.moravecteam.cz\/wp-content\/uploads\/2017\/10\/PA017833-25x25.jpg 25w, https:\/\/www.moravecteam.cz\/wp-content\/uploads\/2017\/10\/PA017833-300x294.jpg 300w\" sizes=\"(max-width: 406px) 100vw, 406px\" \/><\/a><figcaption id=\"caption-attachment-9860\" class=\"wp-caption-text\">Leonka Eclerov\u00e1 svedla ve spole\u010dn\u00e9m z\u00e1vod\u011b kluk\u016f a holek na odr\u00e1\u017eedlech v NmnM hodn\u011b vyrovnan\u00fd souboj o zlato!<\/figcaption><\/figure>\n<p style=\"text-align: justify;\">O ten prvn\u00ed, st\u0159\u00edbrn\u00fd, se postarala ve spole\u010dn\u00e9m \u00a0z\u00e1vod\u011b kluk\u016f a holek na odr\u00e1\u017eedlech (v r\u00e1mci Kp\u017d se pou\u017e\u00edv\u00e1 term\u00edn &#8222;odstrkovadla&#8220;) <strong><span style=\"color: #800000;\">Leonka Eclerov\u00e1<\/span><\/strong>, kter\u00e1 tak potvrdila, \u017ee titul v t\u00e9to kategorii z leto\u0161n\u00ed MTB Superior &#8222;Vrchoviny&#8220; je zcela ve spr\u00e1vn\u00fdch rukou. Nav\u00edc na p\u00e1t\u00e9m m\u00edst\u011b j\u00ed v\u00fdborn\u011b &#8222;p\u0159ikryl z\u00e1da&#8220; jeden z dal\u0161\u00edch objev\u016f leto\u0161n\u00ed sez\u00f3ny, mladi\u010dk\u00fd <strong><span style=\"color: #800000;\">Ton\u00edk Han\u00e1k<\/span><\/strong>!\u00a0Jejich\u00a0v\u00fdsledek\u00a0je o to cenn\u011bj\u0161\u00ed, vezmeme-li v \u00favahu, \u017ee startovalo celkem 55(!) odr\u00e1\u017eedel! U\u017e jenom dod\u00e1m, \u017ee souboj o zlato prohr\u00e1la Leonka o pouhou desetinku a \u017ee, jak u\u017e jsem v\u00fd\u0161e uvedl, v tomto\u00a0spole\u010dn\u00e9m startu chlapc\u016f a d\u00edvek ovl\u00e1dly stupn\u011b v\u00edt\u011bz\u016f v\u00fdhradn\u011b d\u00edvky! Co\u017e neznamen\u00e1 nic jin\u00e9ho, \u017ee Ton\u00edk Han\u00e1k byl z chlapc\u016f druh\u00fd nejrychlej\u0161\u00ed..!<\/p>\n<figure id=\"attachment_9879\" aria-describedby=\"caption-attachment-9879\" style=\"width: 1423px\" class=\"wp-caption alignnone\"><a href=\"http:\/\/www.moravecteam.cz\/?attachment_id=9879\" rel=\"attachment wp-att-9879\"><img decoding=\"async\" loading=\"lazy\" class=\" wp-image-9879\" alt=\"DSC_0302\" src=\"http:\/\/www.moravecteam.cz\/wp-content\/uploads\/2017\/10\/DSC_0302.jpg\" width=\"1423\" height=\"924\" srcset=\"https:\/\/www.moravecteam.cz\/wp-content\/uploads\/2017\/10\/DSC_0302.jpg 1423w, https:\/\/www.moravecteam.cz\/wp-content\/uploads\/2017\/10\/DSC_0302-300x194.jpg 300w, https:\/\/www.moravecteam.cz\/wp-content\/uploads\/2017\/10\/DSC_0302-1024x664.jpg 1024w\" sizes=\"(max-width: 1423px) 100vw, 1423px\" \/><\/a><figcaption id=\"caption-attachment-9879\" class=\"wp-caption-text\">Ton\u00edkovi Han\u00e1kovi jednak slu\u0161\u00ed novv\u00fd dres a je\u0161t\u011b v\u00edc mu to slu\u0161\u00ed v n\u011bm na &#8222;bedn\u011b&#8220;!<\/figcaption><\/figure>\n<p style=\"text-align: justify;\">Poj\u010fme d\u00e1le omrknout v\u00fdsledky na\u0161ich ve Vyso\u010dina ar\u00e9n\u011b. Na &#8222;velk\u00e9m&#8220; kole jel z\u00e1vod <strong><span style=\"color: #800000;\">Jon\u00e1\u0161ek Janovsk\u00fd<\/span> <\/strong>v kategorii chlapc\u016f do 5 let. V konkurenci p\u011btadvaceti mlad\u00fdch rajdr\u016f dojel na v\u00fdborn\u00e9m, 17. m\u00edst\u011b a znovu potvrdil, \u017ee ho z\u00e1vodit na kole bav\u00ed! S t\u011b\u017ekou konkurenc\u00ed 53 z\u00e1vodn\u00edk\u016f se state\u010dn\u011b a zdatn\u011b \u00a0popasoval v c\u00edli 7.\u00a0<span style=\"color: #800000;\"><strong>Filip Ecler<\/strong> <\/span>a mysl\u00edm, \u017ee i o n\u011bm v budoucnu je\u0161t\u011b hodn\u011b usly\u0161\u00edme!<\/p>\n<figure id=\"attachment_9859\" aria-describedby=\"caption-attachment-9859\" style=\"width: 521px\" class=\"wp-caption alignnone\"><a href=\"http:\/\/www.moravecteam.cz\/?attachment_id=9859\" rel=\"attachment wp-att-9859\"><img decoding=\"async\" loading=\"lazy\" class=\" wp-image-9859\" alt=\"PA017831\" src=\"http:\/\/www.moravecteam.cz\/wp-content\/uploads\/2017\/10\/PA017831.jpg\" width=\"521\" height=\"418\" srcset=\"https:\/\/www.moravecteam.cz\/wp-content\/uploads\/2017\/10\/PA017831.jpg 521w, https:\/\/www.moravecteam.cz\/wp-content\/uploads\/2017\/10\/PA017831-300x240.jpg 300w\" sizes=\"(max-width: 521px) 100vw, 521px\" \/><\/a><figcaption id=\"caption-attachment-9859\" class=\"wp-caption-text\">Filip Ecler po zda\u0159il\u00e9m \u00fatoku na jednoho ze soupe\u0159\u016f. Vc\u00edli bral n\u00e1\u0161 mlad\u00fd talent um\u00edst\u011bn\u00ed v TOP10!<\/figcaption><\/figure>\n<p style=\"text-align: justify;\">V kategorii d\u00edvek 8-9 let n\u00e1s velmi zda\u0159ile reprezentovala t\u0159i d\u011bv\u010data, kter\u00e1 se v\u0161echna ve v\u00fdsledc\u00edch ve\u0161la do TOP10! \u010casom\u011b\u0159i\u010di a rozgod\u010d\u00ed je zaznamenaly v po\u0159ad\u00ed: 5.<strong><span style=\"color: #800000;\"> Lucka Koudelkov\u00e1<\/span><\/strong>, 8. <span style=\"color: #800000;\"><strong>Just\u00fdnka Novotn\u00e1<\/strong> <\/span>a 9. <span style=\"color: #800000;\"><strong>Barunka Janovsk\u00e1<\/strong><\/span>. V konkurenci 35 d\u011bv\u010dat se jedn\u00e1 op\u011bt o v\u00fdborn\u00fd v\u00fdsledek! Tyto t\u0159i na\u0161e reprezentantky byly letos na Kp\u017d \u00fa\u010dastny \u010dast\u011bji, proto stoj\u00ed ur\u010dit\u011b za uveden\u00ed i jejich celkov\u00fd v\u00fdsledek. 5. Lucie Koudelkov\u00e1 (vyjela si celkem 674,40 bod\u016f), 35. Just\u00fdna Novotn\u00e1 (141,20 bod\u016f) a 37. Barbora Janovsk\u00e1 (138,80 bod\u016f). Jejich celkov\u00fd v\u00fdsledek ur\u010dit\u011b hodn\u011b ocen\u00edme, kdy\u017e V\u00e1m up\u0159esn\u00edm, \u017ee klasifikov\u00e1no bylo letos v t\u00e9to kategorii celkem 290(!) borek!<\/p>\n<figure id=\"attachment_9857\" aria-describedby=\"caption-attachment-9857\" style=\"width: 603px\" class=\"wp-caption alignnone\"><a href=\"http:\/\/www.moravecteam.cz\/?attachment_id=9857\" rel=\"attachment wp-att-9857\"><img decoding=\"async\" loading=\"lazy\" class=\" wp-image-9857\" alt=\"IMG_20171001_123433\" src=\"http:\/\/www.moravecteam.cz\/wp-content\/uploads\/2017\/10\/IMG_20171001_123433.jpg\" width=\"603\" height=\"684\" srcset=\"https:\/\/www.moravecteam.cz\/wp-content\/uploads\/2017\/10\/IMG_20171001_123433.jpg 603w, https:\/\/www.moravecteam.cz\/wp-content\/uploads\/2017\/10\/IMG_20171001_123433-264x300.jpg 264w\" sizes=\"(max-width: 603px) 100vw, 603px\" \/><\/a><figcaption id=\"caption-attachment-9857\" class=\"wp-caption-text\">Bar\u010da a Jon\u00e1\u0161ek Janovsk\u00fd na spole\u010dn\u00e9 fotce nejen s rodi\u010di, ale hlavn\u011b se sv\u00fdm tren\u00e9rem, Franti\u0161kem Pad\u011brou.<\/figcaption><\/figure>\n<p style=\"text-align: justify;\">V Nov\u00e9m M\u011bst\u011b na Morav\u011b n\u00e1s eminentn\u011b zaj\u00edmaly i straty kategori\u00ed 10-11 let. Kde je Lucinka Koudelkov\u00e1, nem\u016f\u017ee chyb\u011bt ani jej\u00ed star\u0161\u00ed br\u00e1cha, Maty\u00e1\u0161 &#8222;Mates&#8220; Koudelka a kde je Ton\u00edk Han\u00e1k, nem\u016f\u017eou chyb\u011bt ani jeho dv\u011b star\u0161\u00ed sestry Eli\u0161ka s Ani\u010dkou. <strong><span style=\"color: #800000;\">Maty\u00e1\u0161 Koudelka<\/span><\/strong> potvrdil v z\u00e1vod\u011b, \u017ee letos pat\u0159il na Kp\u017e v t\u00e9to kategorii do u\u017e\u0161\u00ed \u0161pi\u010dky. V konkurenci bezm\u00e1la pades\u00e1ti vrstevn\u00edk\u016f dojel 10. a celkov\u011b letos bral, se ziskem 636,40 bod\u016f v\u00fdborn\u00e9 8. m\u00edsto! V t\u00e9to kategorii startovala i <strong><span style=\"color: #800000;\">Ani\u010dka Han\u00e1kov\u00e1<\/span><\/strong>, kter\u00e1 \u010delila t\u0159iceti soupe\u0159k\u00e1m a za c\u00edlov\u00e9 7. m\u00edsto i ona zaslou\u017e\u00ed pochvalu!<\/p>\n<figure id=\"attachment_9858\" aria-describedby=\"caption-attachment-9858\" style=\"width: 963px\" class=\"wp-caption alignnone\"><a href=\"http:\/\/www.moravecteam.cz\/?attachment_id=9858\" rel=\"attachment wp-att-9858\"><img decoding=\"async\" loading=\"lazy\" class=\" wp-image-9858\" alt=\"PA017828\" src=\"http:\/\/www.moravecteam.cz\/wp-content\/uploads\/2017\/10\/PA017828.jpg\" width=\"963\" height=\"634\" srcset=\"https:\/\/www.moravecteam.cz\/wp-content\/uploads\/2017\/10\/PA017828.jpg 963w, https:\/\/www.moravecteam.cz\/wp-content\/uploads\/2017\/10\/PA017828-300x197.jpg 300w\" sizes=\"(max-width: 963px) 100vw, 963px\" \/><\/a><figcaption id=\"caption-attachment-9858\" class=\"wp-caption-text\">Filip Ecler na startu! Pozorn\u00e9 \u010ditatelovo oko Filipa v mnoha\u010detn\u00e9m startovn\u00edm poli kategorie 6-7 let ur\u010dit\u011b najde!<\/figcaption><\/figure>\n<p style=\"text-align: justify;\">Nejstar\u0161\u00ed d\u011btsk\u00e1 kategorie d\u00edvek byla n\u00e1mi zastoupen\u00e1 <span style=\"color: #800000;\"><strong>Eli\u0161kou Han\u00e1kovou<\/strong><\/span>, kter\u00e1 i v\u00a0tomto z\u00e1vod\u011b potvrdila,\u00a0\u017ee jej\u00ed v\u00fdsledky v leto\u0161n\u00ed sez\u00f3n\u011b v\u016fbec nebyly d\u00edlem n\u00e1hody. D\u016fkazem je toho zaslou\u017een\u00fd zisk bronzov\u00e9 medaile! Z MORAVC\u016e zas\u00e1hla na maratonsk\u00e9 trati &#8222;C&#8220; 35km jako nejmlad\u0161\u00ed <strong><span style=\"color: #800000;\">Kl\u00e1ra Odehnalov\u00e1<\/span><\/strong>. A nevedla si v\u016fbec \u0161patn\u011b! Ve sv\u00e9 kategorii 14-16 let brala m\u00edsto v TOP 10 (7.) a v absolutn\u00edm po\u0159ad\u00ed \u017een a d\u00edvek na t\u00e9to trati figuruje v konkurenci 106 soupe\u0159ek na velmi dobr\u00e9m 23. m\u00edst\u011b. Do boj\u016f ve Vyso\u010dina ar\u00e9n\u011b zas\u00e1hli tentokr\u00e1t i dosp\u011bl\u00ed z \u0159ad MORAVEC Teamu. Nen\u00ed u\u017e ur\u010dit\u011b tajemstv\u00edm, \u017ee &#8222;T\u0159i mu\u0161ket\u00fd\u0159i&#8220; Sedl\u00e1kovic (t\u00e1ta a dva synov\u00e9)\u00a0\u00a0z Boskovic vyu\u017e\u00edvaj\u00ed\u00a0\u0159\u00edjnov\u00e9ho p\u0159estupn\u00edho obdob\u00ed a nab\u00edraj\u00ed kurz &#8211; sm\u011br MORAVEC Team! (Na jejich detailn\u011bj\u0161\u00ed p\u0159edstaven\u00ed bude je\u0161t\u011b ur\u010dit\u011b prostor jindy)! A pr\u00e1v\u011b t\u00e1ta &#8211; <span style=\"color: #800000;\"><strong>Vlast\u00edk Sedl\u00e1k<\/strong> <\/span>reprezentoval v NMnM v MTB maratonu na trase &#8222;C&#8220; o distanci 35 km s \u00factyhodn\u00fdm p\u0159ev\u00fd\u0161en\u00edm 776 m. Se sv\u00fdm um\u00edst\u011bn\u00edm (27. m\u00edsto v kategorii a 86. m\u00edsto absolutn\u011b &#8211; startovalo t\u00e9m\u011b\u0159 400 rajdr\u016f) musel b\u00fdt &#8211; vhledem k p\u0159ekonan\u00e9mu ned\u00e1vn\u00e9mu v\u00e1\u017en\u00e9mu zran\u011bn\u00ed &#8211; spokojen!<\/p>\n<figure id=\"attachment_9856\" aria-describedby=\"caption-attachment-9856\" style=\"width: 403px\" class=\"wp-caption aligncenter\"><a href=\"http:\/\/www.moravecteam.cz\/?attachment_id=9856\" rel=\"attachment wp-att-9856\"><img decoding=\"async\" loading=\"lazy\" class=\"size-full wp-image-9856 \" alt=\"IMG_1224[1]\" src=\"http:\/\/www.moravecteam.cz\/wp-content\/uploads\/2017\/10\/IMG_12241.jpg\" width=\"403\" height=\"440\" srcset=\"https:\/\/www.moravecteam.cz\/wp-content\/uploads\/2017\/10\/IMG_12241.jpg 403w, https:\/\/www.moravecteam.cz\/wp-content\/uploads\/2017\/10\/IMG_12241-274x300.jpg 274w\" sizes=\"(max-width: 403px) 100vw, 403px\" \/><\/a><figcaption id=\"caption-attachment-9856\" class=\"wp-caption-text\">Franta Pad\u011bra bral v z\u00e1vod\u011b GRAVEL BIK\u016e v\u00fdborn\u00e9 5. m\u00edsto. \u017de se jedn\u00e1 o silni\u010dn\u00ed kolo je patrn\u00e9 na t\u00e9to fotce z \u0159\u00edditek &#8211; &#8222;beran\u016f&#8220;.<\/figcaption><\/figure>\n<p style=\"text-align: justify;\">Druh\u00fdm na\u0161\u00edm dosp\u011bl\u00e1kem, kter\u00fd ve Vyso\u010dina ar\u00e9n\u011b reprezentoval, byl <strong><span style=\"color: #800000;\">Kamil Koudelka<\/span><\/strong>, kter\u00fd jel na trase &#8222;D&#8220; (20 km, p\u0159ev\u00fd\u0161en\u00ed 465 m) se sv\u00fdmi dv\u011bma \u0161ikovn\u00fdmi d\u011btmi &#8211; Lucinkou a Maty\u00e1\u0161kem z\u00e1vod rodinn\u00fdch dru\u017estev. Pod n\u00e1zvem MORAVCI se um\u00edstili\u00a0 na 41. m\u00edst\u011b a s p\u0159ihl\u00e9dnut\u00edm ke skute\u010dnosti, \u017ee Lucka i Maty\u00e1\u0161 jeli ten den u\u017e druh\u00fd z\u00e1vod, jim mus\u00edme vyseknout (v\u0161em t\u0159em)\u00a0za p\u0159edveden\u00fd v\u00fdkon hlubokou poklonu! T\u0159et\u00edm &#8222;dosp\u011bl\u00e1kem do mari\u00e1\u0161e&#8220; byl <strong><span style=\"color: #800000;\">Franti\u0161ek Pad\u011bra<\/span><\/strong>, kter\u00fd startoval v ned\u011bli v z\u00e1vod\u011b GRAVEL BIKE (stru\u010dn\u011b \u0159e\u010deno: jedn\u00e1 se v podstat\u011b o silni\u010dn\u00ed \/ cyklokrosov\u00e1 kola s \u0161ir\u0161\u00edm &#8222;obut\u00edm&#8220;, kter\u00e9 umo\u017en\u00ed j\u00edzdu i v cross country ter\u00e9nu) jeho\u017e\u00a0 tra\u0165 byla dlouh\u00e1 40 km s p\u0159ev\u00fd\u0161en\u00edm 788 m. Na v\u00edt\u011bze ztratil Franti\u0161ek n\u011bco m\u00e1lo p\u0159es 5 minut, od medaile ho d\u011blilo asi p\u016fldruh\u00e9 minutky&#8230;\u00a0Snad jsem nikoho z na\u0161ich ve v\u00fdsledkov\u00fdch listin\u00e1ch nep\u0159ehl\u00e9dl a kdy\u017e jo, ozv\u011bte se, dopln\u00edm info&#8230; Medailist\u016fm blahop\u0159ejeme a d\u00edky v\u0161em pak za poctivou reprezentaci odd\u00edlu, podp\u016frn\u00fdm rodinn\u00fdm t\u00fdm\u016fm v\u010detn\u011b! Zde je kompletn\u00ed <a href=\"https:\/\/www.kolopro.cz\/vysledky\/detail?rid=2680&amp;srid=2108\"><strong>v\u00fdsledkov\u00fd souhrn<\/strong><\/a>.<\/p>\n","protected":false},"excerpt":{"rendered":"<p>Na p\u0159elomu z\u00e1\u0159\u00ed a \u0159\u00edjna dospurtoval do c\u00edle i dal\u0161\u00ed, bikery obl\u00edben\u00fd seri\u00e1l, MTB maratonsk\u00e9 Kolo pro \u017eivot. Fin\u00e1le pohostila\u00a0v sobotu\u00a030. z\u00e1\u0159\u00ed a v ned\u011bli 1. \u0159\u00edjna\u00a0novom\u011bstsk\u00e1 Vyso\u010dina ar\u00e9na a v po\u010detn\u00e9m poli startuj\u00edc\u00edch nechyb\u011bla ani siln\u00e1 skupina MORAVEC Teamu, jej\u00edmi\u017e l\u00eddry byli na\u0161i leto\u0161n\u00ed specialist\u00e9 pro tento z\u00e1vod: sourozenci Maty\u00e1\u0161 a Lucinka Koudelkovi. Krom\u011b &hellip; <a href=\"https:\/\/www.moravecteam.cz\/?p=9848\" class=\"more-link\">Pokra\u010dov\u00e1n\u00ed textu <span class=\"screen-reader-text\">I Kp\u017d v c\u00edli!-2<\/span> <span class=\"meta-nav\">&rarr;<\/span><\/a><\/p>\n","protected":false},"author":3,"featured_media":9861,"comment_status":"open","ping_status":"closed","sticky":false,"template":"","format":"standard","meta":[],"categories":[1],"tags":[],"_links":{"self":[{"href":"https:\/\/www.moravecteam.cz\/index.php?rest_route=\/wp\/v2\/posts\/9848"}],"collection":[{"href":"https:\/\/www.moravecteam.cz\/index.php?rest_route=\/wp\/v2\/posts"}],"about":[{"href":"https:\/\/www.moravecteam.cz\/index.php?rest_route=\/wp\/v2\/types\/post"}],"author":[{"embeddable":true,"href":"https:\/\/www.moravecteam.cz\/index.php?rest_route=\/wp\/v2\/users\/3"}],"replies":[{"embeddable":true,"href":"https:\/\/www.moravecteam.cz\/index.php?rest_route=%2Fwp%2Fv2%2Fcomments&post=9848"}],"version-history":[{"count":12,"href":"https:\/\/www.moravecteam.cz\/index.php?rest_route=\/wp\/v2\/posts\/9848\/revisions"}],"predecessor-version":[{"id":9863,"href":"https:\/\/www.moravecteam.cz\/index.php?rest_route=\/wp\/v2\/posts\/9848\/revisions\/9863"}],"wp:featuredmedia":[{"embeddable":true,"href":"https:\/\/www.moravecteam.cz\/index.php?rest_route=\/wp\/v2\/media\/9861"}],"wp:attachment":[{"href":"https:\/\/www.moravecteam.cz\/index.php?rest_route=%2Fwp%2Fv2%2Fmedia&parent=9848"}],"wp:term":[{"taxonomy":"category","embeddable":true,"href":"https:\/\/www.moravecteam.cz\/index.php?rest_route=%2Fwp%2Fv2%2Fcategories&post=9848"},{"taxonomy":"post_tag","embeddable":true,"href":"https:\/\/www.moravecteam.cz\/index.php?rest_route=%2Fwp%2Fv2%2Ftags&post=9848"}],"curies":[{"name":"wp","href":"https:\/\/api.w.org\/{rel}","templated":true}]}}