{"id":9865,"date":"2017-10-08T22:08:14","date_gmt":"2017-10-08T20:08:14","guid":{"rendered":"http:\/\/www.moravecteam.cz\/?p=9865"},"modified":"2017-10-08T22:08:14","modified_gmt":"2017-10-08T20:08:14","slug":"neuverite","status":"publish","type":"post","link":"https:\/\/www.moravecteam.cz\/?p=9865","title":{"rendered":"Neuv\u011b\u0159\u00edte..!"},"content":{"rendered":"<p style=\"text-align: justify;\"><strong><span style=\"color: #800000;\">\u0160ikovn\u00ed sourozenci Leonka a Filip Eclerovi n\u00e1s letos v\u00fdborn\u011b reprezentovali nejen v r\u00e1mci MTB Superior Poh\u00e1ru Drahansk\u00e9 vrchoviny. V pr\u016fb\u011bhu sez\u00f3ny se stihli v\u00fdrazn\u011b v\u00fdsledkov\u011b prosadit v celkov\u00e9m po\u0159ad\u00ed\u00a0 i v r\u00e1mci presti\u017en\u00edho \u0160umpersk\u00e9ho poh\u00e1ru, Filip nechyb\u011bl na presti\u017en\u00edm z\u00e1vod\u011b &#8222;Hled\u00e1 se v\u00edt\u011bz&#8220; (vzpom\u00edn\u00e1te, nad n\u00edm m\u00e1 osobn\u00ed z\u00e1\u0161titu olympisk\u00fd v\u00edt\u011bz z Lond\u00fdna, Jarda Kulhav\u00fd), oba st\u00edhali jezdit i Brn\u011bnskou MTB ligu a i Kolo pro \u017eivot&#8230; Skute\u010dn\u011b v\u00fdjime\u010dn\u00fd a chv\u00e1lyhodn\u00fd ak\u010dn\u00ed r\u00e1dius!<\/span><\/strong><\/p>\n<figure id=\"attachment_9874\" aria-describedby=\"caption-attachment-9874\" style=\"width: 759px\" class=\"wp-caption alignnone\"><a href=\"http:\/\/www.moravecteam.cz\/?attachment_id=9874\" rel=\"attachment wp-att-9874\"><img decoding=\"async\" loading=\"lazy\" class=\" wp-image-9874\" alt=\"PA017847\" src=\"http:\/\/www.moravecteam.cz\/wp-content\/uploads\/2017\/10\/PA017847.jpg\" width=\"759\" height=\"603\" srcset=\"https:\/\/www.moravecteam.cz\/wp-content\/uploads\/2017\/10\/PA017847.jpg 759w, https:\/\/www.moravecteam.cz\/wp-content\/uploads\/2017\/10\/PA017847-300x238.jpg 300w\" sizes=\"(max-width: 759px) 100vw, 759px\" \/><\/a><figcaption id=\"caption-attachment-9874\" class=\"wp-caption-text\">Vicemistrem kategorie &#8222;p\u0159ed\u017e\u00e1ci&#8220; na leto\u0161n\u00edm \u0160upersk\u00e9m poh\u00e1ru je borec z MORAVEC Teamu &#8211; Filip Ecler!<\/figcaption><\/figure>\n<p style=\"text-align: justify;\">Poj\u010fme si tedy postupn\u011b a popo\u0159\u00e1dku v\u0161e zrekapitulovat. \u0160umpersk\u00fd poh\u00e1r byl letos na z\u00e1vody je\u0161t\u011b bohat\u011bj\u0161\u00ed, ne\u017e na\u0161e MTB &#8222;Vrchovina&#8220;. \u010c\u00edtal\u00a0 celkem 16 z\u00e1vod\u016f, do celkov\u00e9ho hodnocen\u00ed se zapo\u010d\u00edt\u00e1valo &#8211; podobn\u011b jako na &#8222;Vrchovin\u011b&#8220; &#8211; deset nejlep\u0161\u00edch v\u00fdsledk\u016f. Eclerovi zvl\u00e1dli odjet 7(!) z\u00e1vod\u016f z nich\u017e Filip svoji kategorii &#8222;p\u0159ed\u017e\u00e1ci&#8220; 5x vyhr\u00e1l, 1x byl druh\u00fd a jednou bral t\u0159et\u00ed m\u00edsto! O moc pozadu za br\u00e1chou nezaostala ani na odr\u00e1\u017eedle z\u00e1vod\u00edc\u00ed Leonka. Ta vyhr\u00e1la jednou, 5x byla st\u0159\u00edbrn\u00e1 a jednou dojela na 5. m\u00edst\u011b. P\u0159ipomenu, \u017ee tato kategorie se na &#8222;\u0160umper\u00e1ku&#8220; jmenuje &#8222;Benjam\u00ednci&#8220; a startuj\u00ed v n\u00ed kluci s d\u011bv\u010d\u00e1tka po kop\u011b. A pr\u00e1v\u011b akor\u00e1t zdatn\u011bj\u0161\u00ed chlapci Leonku por\u00e1\u017eeli, mezi d\u00edvenkami byla jasn\u011b nejlep\u0161\u00ed! Popsan\u00e9 v\u00fdsledky zajistily <strong><span style=\"color: #800000;\">Filipu Eclerovi<\/span><\/strong> v leto\u0161n\u00edm ro\u010dn\u00edku \u0160umpersk\u00e9ho poh\u00e1ru v kategorii &#8222;P\u0159ed\u017e\u00e1ci&#8220; celkov\u00e9 v\u00fdborn\u00e9 2. m\u00edsto a <strong><span style=\"color: #800000;\">Leonce Eclerov\u00e9<\/span> <\/strong>v kategorii &#8222;Benjam\u00ednci&#8220; celkov\u00e9, tak\u00e9 v\u00fdborn\u00e9, 3. m\u00edsto! Blahop\u0159ejeme!<\/p>\n<figure id=\"attachment_9873\" aria-describedby=\"caption-attachment-9873\" style=\"width: 835px\" class=\"wp-caption alignnone\"><a href=\"http:\/\/www.moravecteam.cz\/?attachment_id=9873\" rel=\"attachment wp-att-9873\"><img decoding=\"async\" loading=\"lazy\" class=\" wp-image-9873\" alt=\"PA017840\" src=\"http:\/\/www.moravecteam.cz\/wp-content\/uploads\/2017\/10\/PA017840.jpg\" width=\"835\" height=\"626\" srcset=\"https:\/\/www.moravecteam.cz\/wp-content\/uploads\/2017\/10\/PA017840.jpg 835w, https:\/\/www.moravecteam.cz\/wp-content\/uploads\/2017\/10\/PA017840-300x224.jpg 300w\" sizes=\"(max-width: 835px) 100vw, 835px\" \/><\/a><figcaption id=\"caption-attachment-9873\" class=\"wp-caption-text\">T\u0159et\u00edm nejlep\u0161\u00edm rajdrem na odr\u00e1\u017eedlech byla letos na \u0160umpersk\u00e9m poh\u00e1ru Leonka Eclerov\u00e1 z MORAVEC Teamu!<\/figcaption><\/figure>\n<p style=\"text-align: justify;\">Cyklisti\u010dt\u00ed odborn\u00edci, kte\u0159\u00ed pozorn\u011b sleduj\u00ed d\u011bn\u00ed v regionu si jist\u011b pov\u0161imli, \u017ee Filip Ecler chyb\u011bl na startu kategorie 7-8 let p\u0159i fin\u00e1lov\u00e9m z\u00e1vod\u011b leto\u0161n\u00ed MTB &#8222;Vrchoviny&#8220; 24. z\u00e1\u0159\u00ed v Boskovic\u00edch. Z\u00e1hy bylo jasn\u00e9, pro\u010d..? \u00da\u010dastnil se toti\u017e fin\u00e1lov\u00e9ho z\u00e1vodu s\u00e9rie <strong><a href=\"http:\/\/www.hledasevitez.cz\/finale-vysoke-myto\/\">&#8222;Hled\u00e1 se v\u00edt\u011bz&#8220;<\/a><\/strong>, kter\u00fd se jel ve stejn\u00fd den ve Vysok\u00e9m M\u00fdt\u011b. Jako &#8222;prvoro\u010d\u00e1k&#8220; bral &#8222;Filda&#8220; ve sv\u00e9 kategorii v\u00fdborn\u00e9, 5. m\u00edsto, kdy\u017e pr\u00e1v\u011b z mlad\u00fdch borc\u016f stejn\u00e9ho ro\u010dn\u00edku jako on, byl nejlep\u0161\u00ed! Zde si m\u016f\u017eete prostudovat <strong><a href=\"http:\/\/www.sport-base.cz\/vysledky\/2017\/z-myto-17?flt%5Bpohl%5D=&amp;flt%5Bkat%5D=M8%23tra%C5%A5+2&amp;flt%5Btrat%5D=&amp;flt%5Bprijm%5D=&amp;flt%5Bsc%5D=\">kompletn\u00ed v\u00fdsledkov\u00fd servis<\/a><\/strong>. \u017de Filipa po\u0159adatel\u00e9 o rok postar\u0161ili, jim samoz\u0159ejm\u011b odpust\u00edme a Filipovi znovu k p\u011bkn\u00e9mu v\u00fdsledku blahop\u0159ejeme!<\/p>\n<figure id=\"attachment_9872\" aria-describedby=\"caption-attachment-9872\" style=\"width: 1249px\" class=\"wp-caption alignnone\"><a href=\"http:\/\/www.moravecteam.cz\/?attachment_id=9872\" rel=\"attachment wp-att-9872\"><img decoding=\"async\" loading=\"lazy\" class=\" wp-image-9872\" alt=\"OLYMPUS DIGITAL CAMERA\" src=\"http:\/\/www.moravecteam.cz\/wp-content\/uploads\/2017\/10\/P9177825.jpg\" width=\"1249\" height=\"849\" srcset=\"https:\/\/www.moravecteam.cz\/wp-content\/uploads\/2017\/10\/P9177825.jpg 1249w, https:\/\/www.moravecteam.cz\/wp-content\/uploads\/2017\/10\/P9177825-300x203.jpg 300w, https:\/\/www.moravecteam.cz\/wp-content\/uploads\/2017\/10\/P9177825-1024x696.jpg 1024w\" sizes=\"(max-width: 1249px) 100vw, 1249px\" \/><\/a><figcaption id=\"caption-attachment-9872\" class=\"wp-caption-text\">V MTB \u010dasovce do vrchu byl v \u0160umperku nejrychlej\u0161\u00ed n\u00e1\u0161 Filip Eceler!<\/figcaption><\/figure>\n<p style=\"text-align: justify;\">Prvn\u00ed \u0159\u00edjnovou ned\u011bli startovali oba dva rtu\u0165ovit\u00ed sourozenci na Kole pro \u017eivot v Nov\u00e9m M\u011bst\u011b na Morav\u011b, kde se medailov\u011b v odr\u00e1\u017eedlech prosadila Leonka a v TOP 10 dojel v kategorii kluk\u016f 6-7 let Fil\u00edpek. Zde jsou z NMnM podrobn\u00e9 informace. Jenom dopln\u00edm, \u017ee Filip startoval ve Vyso\u010dina Ar\u00e9n\u011b a\u017e s p\u00e1t\u00e9 \u0159ady, postupn\u011b p\u0159edj\u00ed\u017ed\u011bl jedoho z\u00ed\u00e1vodn\u00edka za druh\u00fdm a zd\u00e1 se, \u017ee v n\u011bm roste ten spr\u00e1vn\u00fd typ rajdra, kter\u00fdm se \u0159\u00edk\u00e1 &#8211; &#8222;hon\u00edc\u00ed pes&#8220;. Je to takov\u00fd typ z\u00e1vodn\u00edka, kter\u00fd neust\u00e1le \u00fato\u010d\u00ed a to tak dlouho, dokud m\u00e1 n\u011bkoho p\u0159ed sebou, dokud m\u00e1 na koho \u00fato\u010dit&#8230; \u017de od Eclerov\u00fdch nem\u00e1me fotky z Leon\u010diny &#8222;novom\u011bstsk\u00e9&#8220; bedny? Nedivte se&#8230; Z NMnM se po dojet\u00ed z\u00e1vodu museli rychle p\u0159esunout do \u0160umperku, na vyhl\u00e1\u0161en\u00ed celkov\u00fdch v\u00fdsledk\u016f v r\u00e1mci \u0160umpersk\u00e9ho poh\u00e1ru! Ch\u00e1peme, spr\u00e1vn\u00e9, chv\u00e1lihodn\u00e9 rozhodnut\u00ed&#8230;<\/p>\n<figure id=\"attachment_9871\" aria-describedby=\"caption-attachment-9871\" style=\"width: 1536px\" class=\"wp-caption alignnone\"><a href=\"http:\/\/www.moravecteam.cz\/?attachment_id=9871\" rel=\"attachment wp-att-9871\"><img decoding=\"async\" loading=\"lazy\" class=\" wp-image-9871\" alt=\"OLYMPUS DIGITAL CAMERA\" src=\"http:\/\/www.moravecteam.cz\/wp-content\/uploads\/2017\/10\/P9177822.jpg\" width=\"1536\" height=\"1657\" srcset=\"https:\/\/www.moravecteam.cz\/wp-content\/uploads\/2017\/10\/P9177822.jpg 1536w, https:\/\/www.moravecteam.cz\/wp-content\/uploads\/2017\/10\/P9177822-278x300.jpg 278w, https:\/\/www.moravecteam.cz\/wp-content\/uploads\/2017\/10\/P9177822-949x1024.jpg 949w\" sizes=\"(max-width: 1536px) 100vw, 1536px\" \/><\/a><figcaption id=\"caption-attachment-9871\" class=\"wp-caption-text\">St\u0159\u00edbro vybojovala Leonka Eclerov\u00e1 i v \u0161umpersk\u00e9 \u010dasovce do vrchu.<\/figcaption><\/figure>\n<p style=\"text-align: justify;\">St\u00e1le to je\u0161t\u011b ale nen\u00ed s Leonkou a Filipem Eclerov\u00fdch v\u0161echno&#8230; 20. z\u00e1\u0159\u00ed stihli je\u0161t\u011b startovat na Brn\u011bnsk\u00e9 MTB lize, kde Filda obsadil v kategorii chlapc\u016f 7-8 let druh\u00e9 m\u00edsto a Leonka, jako jedin\u00e1 hol\u010di\u010dka na startu kategorie d\u00edvek 5-6 let musela odstartovat se stejn\u011b mlad\u00fdmi chlapci. A v\u011b\u0159te nebo ne, dojela s nimi na 2. m\u00edst\u011b! Pozoruhodn\u00e9 v r\u00e1mci z\u00e1vodu bylo ur\u010dit\u011b i to, \u017ee kv\u016fli \u0161patn\u00e9mu po\u010das\u00ed z\u016fstaly n\u011bkter\u00e9 kategorie nevyhl\u00e1\u0161eny.<\/p>\n<figure id=\"attachment_9870\" aria-describedby=\"caption-attachment-9870\" style=\"width: 1536px\" class=\"wp-caption alignnone\"><a href=\"http:\/\/www.moravecteam.cz\/?attachment_id=9870\" rel=\"attachment wp-att-9870\"><img decoding=\"async\" loading=\"lazy\" class=\" wp-image-9870\" alt=\"OLYMPUS DIGITAL CAMERA\" src=\"http:\/\/www.moravecteam.cz\/wp-content\/uploads\/2017\/10\/P9107810.jpg\" width=\"1536\" height=\"1806\" srcset=\"https:\/\/www.moravecteam.cz\/wp-content\/uploads\/2017\/10\/P9107810.jpg 1536w, https:\/\/www.moravecteam.cz\/wp-content\/uploads\/2017\/10\/P9107810-255x300.jpg 255w, https:\/\/www.moravecteam.cz\/wp-content\/uploads\/2017\/10\/P9107810-870x1024.jpg 870w\" sizes=\"(max-width: 1536px) 100vw, 1536px\" \/><\/a><figcaption id=\"caption-attachment-9870\" class=\"wp-caption-text\">Jeden ze z\u00e1vod\u016f \u0160umpersk\u00e9ho poh\u00e1ru se jel v Mohelnici a Filip Ecler zde vybojoval cenn\u00e9 2. m\u00edsto!<\/figcaption><\/figure>\n<p style=\"text-align: justify;\">Filipova kategorie byla rozd\u011blena na zvl\u00e1\u0161\u0165 kategorii chlapc\u016f 7 let a zvl\u00e1\u0161\u0165 kategorii chlapc\u016f 8 let, co\u017e znamenalo, \u017ee Filip, jako sedmilet\u00fd, se posunul na pozici v\u00edt\u011bze no a obdobn\u011b vyhl\u00e1sili po\u0159adatel\u00e9jako v\u00edt\u011bzku mezi d\u00ed\u00e1vkami samojedinou i Leonku&#8230; Co k tomu dodat? velk\u00e1 pochvala nejen Leonce a Filipovi, ale tak\u00e9 samoz\u0159ejm\u011b jejich vzorn\u00e9mu a startostliv\u00e9mu rodinn\u00e9mu podp\u016frn\u00e9mu t\u00fdmu! D\u00edky za vzorn\u00e9 repre MORAVEC Teamu!<\/p>\n<figure id=\"attachment_9869\" aria-describedby=\"caption-attachment-9869\" style=\"width: 1557px\" class=\"wp-caption alignnone\"><a href=\"http:\/\/www.moravecteam.cz\/?attachment_id=9869\" rel=\"attachment wp-att-9869\"><img decoding=\"async\" loading=\"lazy\" class=\" wp-image-9869\" alt=\"OLYMPUS DIGITAL CAMERA\" src=\"http:\/\/www.moravecteam.cz\/wp-content\/uploads\/2017\/10\/P9107806.jpg\" width=\"1557\" height=\"1288\" srcset=\"https:\/\/www.moravecteam.cz\/wp-content\/uploads\/2017\/10\/P9107806.jpg 1557w, https:\/\/www.moravecteam.cz\/wp-content\/uploads\/2017\/10\/P9107806-300x248.jpg 300w, https:\/\/www.moravecteam.cz\/wp-content\/uploads\/2017\/10\/P9107806-1024x847.jpg 1024w\" sizes=\"(max-width: 1557px) 100vw, 1557px\" \/><\/a><figcaption id=\"caption-attachment-9869\" class=\"wp-caption-text\">Korunn\u00ed princezni\u010dkou &#8222;\u0160umper\u00e1ku&#8220; byla letos leonka Eclerov\u00e1&#8230; Jedno ze sv\u00fdch p\u011bti druh\u00fdch m\u00edst vybojovala v Mohelnici.<\/figcaption><\/figure>\n","protected":false},"excerpt":{"rendered":"<p>\u0160ikovn\u00ed sourozenci Leonka a Filip Eclerovi n\u00e1s letos v\u00fdborn\u011b reprezentovali nejen v r\u00e1mci MTB Superior Poh\u00e1ru Drahansk\u00e9 vrchoviny. V pr\u016fb\u011bhu sez\u00f3ny se stihli v\u00fdrazn\u011b v\u00fdsledkov\u011b prosadit v celkov\u00e9m po\u0159ad\u00ed\u00a0 i v r\u00e1mci presti\u017en\u00edho \u0160umpersk\u00e9ho poh\u00e1ru, Filip nechyb\u011bl na presti\u017en\u00edm z\u00e1vod\u011b &#8222;Hled\u00e1 se v\u00edt\u011bz&#8220; (vzpom\u00edn\u00e1te, nad n\u00edm m\u00e1 osobn\u00ed z\u00e1\u0161titu olympisk\u00fd v\u00edt\u011bz z Lond\u00fdna, Jarda Kulhav\u00fd), &hellip; <a href=\"https:\/\/www.moravecteam.cz\/?p=9865\" class=\"more-link\">Pokra\u010dov\u00e1n\u00ed textu <span class=\"screen-reader-text\">Neuv\u011b\u0159\u00edte..!<\/span> <span class=\"meta-nav\">&rarr;<\/span><\/a><\/p>\n","protected":false},"author":3,"featured_media":9875,"comment_status":"open","ping_status":"closed","sticky":false,"template":"","format":"standard","meta":[],"categories":[1],"tags":[],"_links":{"self":[{"href":"https:\/\/www.moravecteam.cz\/index.php?rest_route=\/wp\/v2\/posts\/9865"}],"collection":[{"href":"https:\/\/www.moravecteam.cz\/index.php?rest_route=\/wp\/v2\/posts"}],"about":[{"href":"https:\/\/www.moravecteam.cz\/index.php?rest_route=\/wp\/v2\/types\/post"}],"author":[{"embeddable":true,"href":"https:\/\/www.moravecteam.cz\/index.php?rest_route=\/wp\/v2\/users\/3"}],"replies":[{"embeddable":true,"href":"https:\/\/www.moravecteam.cz\/index.php?rest_route=%2Fwp%2Fv2%2Fcomments&post=9865"}],"version-history":[{"count":4,"href":"https:\/\/www.moravecteam.cz\/index.php?rest_route=\/wp\/v2\/posts\/9865\/revisions"}],"predecessor-version":[{"id":9876,"href":"https:\/\/www.moravecteam.cz\/index.php?rest_route=\/wp\/v2\/posts\/9865\/revisions\/9876"}],"wp:featuredmedia":[{"embeddable":true,"href":"https:\/\/www.moravecteam.cz\/index.php?rest_route=\/wp\/v2\/media\/9875"}],"wp:attachment":[{"href":"https:\/\/www.moravecteam.cz\/index.php?rest_route=%2Fwp%2Fv2%2Fmedia&parent=9865"}],"wp:term":[{"taxonomy":"category","embeddable":true,"href":"https:\/\/www.moravecteam.cz\/index.php?rest_route=%2Fwp%2Fv2%2Fcategories&post=9865"},{"taxonomy":"post_tag","embeddable":true,"href":"https:\/\/www.moravecteam.cz\/index.php?rest_route=%2Fwp%2Fv2%2Ftags&post=9865"}],"curies":[{"name":"wp","href":"https:\/\/api.w.org\/{rel}","templated":true}]}}