{"id":9881,"date":"2017-10-10T01:13:32","date_gmt":"2017-10-09T23:13:32","guid":{"rendered":"http:\/\/www.moravecteam.cz\/?p=9881"},"modified":"2017-10-10T19:51:33","modified_gmt":"2017-10-10T17:51:33","slug":"terezka-odstrtovala","status":"publish","type":"post","link":"https:\/\/www.moravecteam.cz\/?p=9881","title":{"rendered":"Terezka odstrtovala!"},"content":{"rendered":"<p style=\"text-align: justify;\"><span style=\"color: #800000;\"><strong>Jak v\u00fdbornou\u00a0cyklistkou v minulosti byla Terezka Tlamkov\u00e1, to m\u00e1me, mysl\u00edm, v\u0161ichni je\u0161t\u011b v \u017eiv\u00e9 pam\u011bti&#8230; Jen pro po\u0159\u00e1dek p\u0159ipomenu jej\u00ed nejv\u011bt\u0161\u00ed \u00fasp\u011bchy: krom\u011b n\u011bkolikan\u00e1sobn\u00e9ho celkov\u00e9ho prvenstv\u00ed v MTB Poh\u00e1ru Drahansk\u00e9 vrchoviny byla v r. 2009 mezi kadetkami 5. v \u010cesk\u00e9m poh\u00e1ru horsk\u00fdch kol a o rok pozd\u011bji, na Mistrovstv\u00ed \u010cR v t\u00e9to kategorii, kter\u00e9 pohostila Ku\u0159im, dojela v z\u00e1vod\u011b juniorek tak\u00e9 na v\u00fdborn\u00e9m, 5. m\u00edst\u011b! Z uveden\u00e9ho plyne, \u017ee nejen\u017ee Terka v minulosti skv\u011ble reprezentovala MORAVEC Team, ale hlavn\u011b: pat\u0159ila v r\u00e1mci \u010cR\u00a0k u\u017e\u0161\u00ed \u0161pi\u010dce mezi kadetkami a pozd\u011bji i mezi juniorkami!<\/strong><\/span><\/p>\n<figure id=\"attachment_9904\" aria-describedby=\"caption-attachment-9904\" style=\"width: 480px\" class=\"wp-caption alignnone\"><a href=\"http:\/\/www.moravecteam.cz\/?attachment_id=9904\" rel=\"attachment wp-att-9904\"><img decoding=\"async\" loading=\"lazy\" class=\" wp-image-9904\" alt=\"IMG_1744\" src=\"http:\/\/www.moravecteam.cz\/wp-content\/uploads\/2017\/10\/IMG_1744.jpg\" width=\"480\" height=\"640\" srcset=\"https:\/\/www.moravecteam.cz\/wp-content\/uploads\/2017\/10\/IMG_1744.jpg 480w, https:\/\/www.moravecteam.cz\/wp-content\/uploads\/2017\/10\/IMG_1744-225x300.jpg 225w\" sizes=\"(max-width: 480px) 100vw, 480px\" \/><\/a><figcaption id=\"caption-attachment-9904\" class=\"wp-caption-text\">Je nepsan\u00fdm z\u00e1konem cyklistiky, \u017ee skv\u011bl\u00e9 bierky b\u00fdvaj\u00ed i skv\u011bl\u00e9 man\u017eelky&#8230;<\/figcaption><\/figure>\n<p style=\"text-align: justify;\">V sobotu za\u017eila <strong><span style=\"color: #800000;\">Terezka Tlamkov\u00e1<\/span><\/strong> sv\u016fj startovn\u00ed come back, ale v tak trochu jin\u00e9 discipl\u00edn\u011b. Vyrazila na\u00a0obvykle dost dlouh\u00fd, obvykle dost n\u00e1ro\u010dn\u00fd, ale zpravidla kr\u00e1sn\u00fd z\u00e1vod (kdy\u017e ho jedete v tandemu s t\u00edm, koho opravdu milujete), kter\u00fd v tomto p\u0159\u00edpad\u011b nese stru\u010dn\u00fd n\u00e1zev &#8211;<span style=\"color: #800000;\"><strong> man\u017eelstv\u00ed<\/strong><\/span>!\u00a0 Velikou v\u00fdhodou t\u00e9to race\u00a0je to, \u017ee\u00a0\u00a0ji nejede na\u0161e z\u00e1vodnice osamocen\u011b, ale &#8211; jak u\u017e bylo \u0159e\u010deno &#8211; v tandemu s partnerem, kter\u00fd j\u00ed je za v\u0161ech okolnost\u00ed v\u017edy oporou, tou pravou vzpruhou, prost\u011b t\u00edm, kter\u00e9ho m\u00e1\u00a0 &#8211; prost\u011b \u0159e\u010deno &#8211; nejrad\u0161i na sv\u011bt\u011b! Man\u017eelem na\u0161\u00ed Tererzky je od minul\u00e9 soboty cca 12.30 hodiny taky n\u00e1\u0161 &#8211; <strong><span style=\"color: #800000;\">Jakub Hlubinka<\/span><\/strong>! Oba snoubenci si za na\u0161\u00ed &#8211; samoz\u0159ejm\u011b\u00a0 &#8211; nezbytn\u00e9 asistence \u0159ekli svoje osudov\u00e9 ANO v kostele Pov\u00fd\u0161en\u00ed Svat\u00e9ho K\u0159\u00ed\u017ee v Bene\u0161ov\u011b. U\u017e novoman\u017eel\u016fm Hlubinkov\u00fdm jsme asi v jednu hodinu po poledni v sobotu 7. \u0159\u00edjna LP 2017 pop\u0159\u00e1li za MORAVEC Team takto:<strong>\u00a0<a href=\"http:\/\/www.moravecteam.cz\/?attachment_id=9902\" rel=\"attachment wp-att-9902\">B\u00e1sni\u010dka<\/a><\/strong>&#8230;<\/p>\n<p style=\"text-align: justify;\"><a href=\"http:\/\/www.moravecteam.cz\/?attachment_id=9907\" rel=\"attachment wp-att-9907\"><img decoding=\"async\" loading=\"lazy\" class=\"alignnone size-full wp-image-9907\" alt=\"IMG_1952\" src=\"http:\/\/www.moravecteam.cz\/wp-content\/uploads\/2017\/10\/IMG_1952.jpg\" width=\"1080\" height=\"1201\" srcset=\"https:\/\/www.moravecteam.cz\/wp-content\/uploads\/2017\/10\/IMG_1952.jpg 1080w, https:\/\/www.moravecteam.cz\/wp-content\/uploads\/2017\/10\/IMG_1952-269x300.jpg 269w, https:\/\/www.moravecteam.cz\/wp-content\/uploads\/2017\/10\/IMG_1952-920x1024.jpg 920w\" sizes=\"(max-width: 1080px) 100vw, 1080px\" \/><\/a><\/p>\n<p style=\"text-align: justify;\">Samoz\u0159ejm\u011b, \u017ee za posledn\u00ed p\u0159ac\u00ed v\u011btou textu p\u0159\u00e1n\u00ed byly p\u0159ipojeny podpisy v\u0161ech MORAVC\u016e, kte\u0159\u00ed Terezce a Kubovi p\u0159i\u0161li v sobotu ke\u00a0 startu do jejich spole\u010dn\u00e9 race pop\u0159\u00e1t&#8230; Kdy\u017e Terka s Kubou vyr\u00e1\u017eeli z pomysln\u00e9 startovac\u00ed dr\u00e1hy, pr\u0161elo jim z Nebe \u0161t\u011bst\u00ed&#8230; Kdy\u017e za\u017e\u00edvali spole\u010dn\u00e9 foto v interi\u00e9ru kr\u00e1sn\u00e9ho bene\u0161ovsk\u00e9ho kostela, ulp\u00edvaly na nich drobe\u010dky \u0161t\u011bst\u00ed z r\u00fd\u017ee, kter\u00fdmi novoman\u017eele d\u011bti z MORAVEC Teamu zkropili&#8230; Dal\u0161\u00ed dobr\u00e9 znamen\u00ed&#8230; A kdy\u017e si Terezka s Kub\u00edkem u\u017e\u00edvali prvn\u00edch spole\u010dn\u00fdch hodin v Posv\u00e1tn\u00e9m Svazku, zamrkalo na n\u011b i slun\u00ed\u010dko! Na z\u00e1klad\u011b t\u011bchto indici\u00ed si dovol\u00edm prorokovat, \u017ee jejich man\u017eelsk\u00e9 pouto bude trval\u00e9, hodnotn\u00e9 a l\u00e1skypln\u00e9&#8230; Zde <strong><a href=\"http:\/\/moravecteam.rajce.idnes.cz\/2017.10.07_Svatba_Terezka_Tlamkova_Kuba_Hlubinka\/\">mrkn\u011bte na fotogalerii <\/a><\/strong>z \u00fa\u010dinkov\u00e1n\u00ed borc\u016f a borek (nejen) z MORAVEC Teamu o sv\u00e1te\u010dn\u00ed minul\u00e9 sobot\u011b.<strong><br \/>\n<\/strong><\/p>\n","protected":false},"excerpt":{"rendered":"<p>Jak v\u00fdbornou\u00a0cyklistkou v minulosti byla Terezka Tlamkov\u00e1, to m\u00e1me, mysl\u00edm, v\u0161ichni je\u0161t\u011b v \u017eiv\u00e9 pam\u011bti&#8230; Jen pro po\u0159\u00e1dek p\u0159ipomenu jej\u00ed nejv\u011bt\u0161\u00ed \u00fasp\u011bchy: krom\u011b n\u011bkolikan\u00e1sobn\u00e9ho celkov\u00e9ho prvenstv\u00ed v MTB Poh\u00e1ru Drahansk\u00e9 vrchoviny byla v r. 2009 mezi kadetkami 5. v \u010cesk\u00e9m poh\u00e1ru horsk\u00fdch kol a o rok pozd\u011bji, na Mistrovstv\u00ed \u010cR v t\u00e9to kategorii, kter\u00e9 pohostila &hellip; <a href=\"https:\/\/www.moravecteam.cz\/?p=9881\" class=\"more-link\">Pokra\u010dov\u00e1n\u00ed textu <span class=\"screen-reader-text\">Terezka odstrtovala!<\/span> <span class=\"meta-nav\">&rarr;<\/span><\/a><\/p>\n","protected":false},"author":3,"featured_media":9908,"comment_status":"open","ping_status":"closed","sticky":false,"template":"","format":"standard","meta":[],"categories":[13],"tags":[],"_links":{"self":[{"href":"https:\/\/www.moravecteam.cz\/index.php?rest_route=\/wp\/v2\/posts\/9881"}],"collection":[{"href":"https:\/\/www.moravecteam.cz\/index.php?rest_route=\/wp\/v2\/posts"}],"about":[{"href":"https:\/\/www.moravecteam.cz\/index.php?rest_route=\/wp\/v2\/types\/post"}],"author":[{"embeddable":true,"href":"https:\/\/www.moravecteam.cz\/index.php?rest_route=\/wp\/v2\/users\/3"}],"replies":[{"embeddable":true,"href":"https:\/\/www.moravecteam.cz\/index.php?rest_route=%2Fwp%2Fv2%2Fcomments&post=9881"}],"version-history":[{"count":9,"href":"https:\/\/www.moravecteam.cz\/index.php?rest_route=\/wp\/v2\/posts\/9881\/revisions"}],"predecessor-version":[{"id":9937,"href":"https:\/\/www.moravecteam.cz\/index.php?rest_route=\/wp\/v2\/posts\/9881\/revisions\/9937"}],"wp:featuredmedia":[{"embeddable":true,"href":"https:\/\/www.moravecteam.cz\/index.php?rest_route=\/wp\/v2\/media\/9908"}],"wp:attachment":[{"href":"https:\/\/www.moravecteam.cz\/index.php?rest_route=%2Fwp%2Fv2%2Fmedia&parent=9881"}],"wp:term":[{"taxonomy":"category","embeddable":true,"href":"https:\/\/www.moravecteam.cz\/index.php?rest_route=%2Fwp%2Fv2%2Fcategories&post=9881"},{"taxonomy":"post_tag","embeddable":true,"href":"https:\/\/www.moravecteam.cz\/index.php?rest_route=%2Fwp%2Fv2%2Ftags&post=9881"}],"curies":[{"name":"wp","href":"https:\/\/api.w.org\/{rel}","templated":true}]}}