{"id":9887,"date":"2017-10-10T01:45:52","date_gmt":"2017-10-09T23:45:52","guid":{"rendered":"http:\/\/www.moravecteam.cz\/?p=9887"},"modified":"2017-10-11T15:29:12","modified_gmt":"2017-10-11T13:29:12","slug":"co-se-bude-dit-st41-3","status":"publish","type":"post","link":"https:\/\/www.moravecteam.cz\/?p=9887","title":{"rendered":"Co se bude d\u00edt? (ST41)-2"},"content":{"rendered":"<h5><strong><span style=\"color: #800000;\">St\u0159eda 11.10. 2017<\/span><\/strong><\/h5>\n<p style=\"text-align: justify;\">Dal\u0161\u00ed \u00a0ter\u00e9nn\u00ed tr\u00e9nink MORAVEC Junior Teamu. Sraz mlad\u00fdch biker\u016f je v 16.30 hodin na Okrouhl\u00e9, U Pazderny.<\/p>\n<p style=\"text-align: justify;\"><strong><span style=\"color: #ff0000;\">POZOR!<\/span> <\/strong>Soub\u011b\u017en\u011b s tr\u00e9ninkem prob\u011bhne od stejn\u00e9ho \u010dasu (tj. od 16.30 hodin) BRIG\u00c1DA, kdy provedeme dokon\u010den\u00ed rozvozu \u0161otoliny na zpevn\u011bn\u00ed m\u00edstn\u00ed tra\u0165ov\u00e9 pas\u00e1\u017ee &#8222;Skalka&#8220;, aby mohli na ja\u0159e zde na\u0161i v poho tr\u00e9novat&#8230; Brigad\u00fdr\u016fm bude velet &#8211; kdo jin\u00fd ne\u017e &#8211;<span style=\"color: #800000;\"> <strong>Vlast\u00edk Odehnal <\/strong><\/span>a \u010dek\u00e1m V\u00e1s na place ve stejn\u00e9m, ba je\u0161t\u011b vy\u0161\u0161\u00edm po\u010dtu, ne\u017e minulou st\u0159edu . Krom\u011b pracovn\u00edho od\u011bvu si s sebou dovezte <strong><a href=\"https:\/\/www.obrazky.cz\/?q=stavebn%C3%AD%20kole%C4%8Dko&amp;fulltext&amp;mm=2#utm_source=search.seznam.cz&amp;utm_medium=hint&amp;utm_term=stavebn%C3%AD%20kole%C4%8Dko&amp;utm_content=obrazky\">stavebn\u00ed kole\u010dko<\/a><\/strong>\u00a0+ lopatu, nejl\u00e9pe <strong><a href=\"http:\/\/www.kovovyrobaslavik.com\/kovovyroba\/eshop\/1-1-Lopaty-a-ryce\/0\/5\/17-Lopata-Fe-srdcovka\">&#8222;\u0161tichovku&#8220;<\/a><\/strong>! A znovu, u\u017e naposled,\u00a0trp\u011bliv\u011b zopakuji: Brig\u00e1da se samoz\u0159ejm\u011b t\u00fdk\u00e1 <strong><span style=\"text-decoration: underline;\"><span style=\"color: #ff0000; text-decoration: underline;\">V\u0160ECH MORAVC\u016e<\/span><\/span>,<\/strong> nejen t\u011bch, kte\u0159\u00ed p\u0159ivezou svoje sv\u011b\u0159ence na tr\u00e9nink JUNIOR Teamu&#8230;<\/p>\n<h5><span style=\"color: #800000;\">Sobota\u00a014.10.2017<\/span><\/h5>\n<p style=\"text-align: justify;\">Odjezd do\u010dasn\u00e9 cyklokrosov\u00e9 roty na\u00a0\u010dtvrt\u00fd z\u00e1vod \u010cesk\u00e9ho poh\u00e1ru do Hlinska. Velitelem v\u00fdsadku s kryc\u00edm n\u00e1zvem\u00a0<span style=\"color: #800000;\"><strong>KLERIK\u00c1L<\/strong> \u00a0<\/span>je Honza \u0160indel\u00e1\u0159 st. Zde studujte <strong><a href=\"http:\/\/www.cyklokros.cz\/data\/web\/toitoicup\/2017\/hlinsko_propozice_2017.pdf\">propozice<\/a>.<\/strong><\/p>\n<h5><span style=\"color: #800000;\">Ned\u011ble 15.10. 2017<\/span><\/h5>\n<p style=\"text-align: justify;\">Odjezd do\u010dasn\u00e9 cyklokrosov\u00e9 roty na\u00a0p\u00e1t\u00fd z\u00e1vod \u010cesk\u00e9ho poh\u00e1ru do Ji\u010d\u00edna. Velitelem v\u00fdsadku s kryc\u00edm n\u00e1zvem\u00a0<span style=\"color: #800000;\"><strong>CIP\u00cdSEK\u00a0<\/strong><\/span>\u00a0je Honza \u0160indel\u00e1\u0159 st. Zde studujte <a href=\"http:\/\/www.cyklokros.cz\/data\/web\/toitoicup\/2017\/jicin_propozice_2017.pdf\"><strong>propozice<\/strong>.<\/a><\/p>\n<h5>\u00a0<span style=\"color: #800000;\"><strong>Akce t\u011bsn\u011b za horizontem<\/strong><\/span><\/h5>\n<ul>\n<li>Sch\u016fzka veden\u00ed odd\u00edlu s rodi\u010di &#8211; \u010dtvrtek 19.10. 2017 (st\u0159eda)<\/li>\n<li>Zakon\u010den\u00ed sez\u00f3ny &#8211;\u00a0j\u00edzda na Mal\u00fd Chlum &#8211; 22.10. 2017 (ned\u011ble)<\/li>\n<li>Draki\u00e1da Drakec MORAVEC &#8211; 29.10. 2017<\/li>\n<li>Prvn\u00ed \u010d\u00e1st zimn\u00ed p\u0159\u00edpravy v t\u011blocvi\u010dn\u011b Bene\u0161ov: od 8.11. do 22.12. 2017 v\u00a0cyklu st\u0159eda (od 16.00 do 18.00) \/ p\u00e1tek (od 18.00 do 20.00, p\u0159\u00edp. 19.30)<\/li>\n<li>N\u00e1v\u0161t\u011bva hrobu Vlastimila MORAVCE &#8211; 16.12. 2017 (sobota)<\/li>\n<li>V\u00fdro\u010dn\u00ed ro(c)kov\u00e1n\u00ed &#8211; 28.12. 2017 (\u010dtvrtek)<\/li>\n<li>Silvestrovsk\u00fd z\u00e1vod &#8211; 30.12. 2017 (sobota)<\/li>\n<li>Novoro\u010dn\u00ed vyj\u00ed\u017e\u010fka &#8211; 1.1. 2018 (pond\u011bl\u00ed)<\/li>\n<li>Druh\u00e1 \u010d\u00e1st zimn\u00ed p\u0159\u00edpravy v t\u011blocvi\u010dn\u011b Bene\u0161ov\u00a0 od 3.1. 2018 do cca 16.3. ve stejn\u00e9m denn\u00edm \u00a0cyklu a ve stejn\u00fdch\u00a0\u010dasech<\/li>\n<li>Ples cyklist\u016f 27.1. 2018 (sobota)<\/li>\n<\/ul>\n","protected":false},"excerpt":{"rendered":"<p>St\u0159eda 11.10. 2017 Dal\u0161\u00ed \u00a0ter\u00e9nn\u00ed tr\u00e9nink MORAVEC Junior Teamu. Sraz mlad\u00fdch biker\u016f je v 16.30 hodin na Okrouhl\u00e9, U Pazderny. POZOR! Soub\u011b\u017en\u011b s tr\u00e9ninkem prob\u011bhne od stejn\u00e9ho \u010dasu (tj. od 16.30 hodin) BRIG\u00c1DA, kdy provedeme dokon\u010den\u00ed rozvozu \u0161otoliny na zpevn\u011bn\u00ed m\u00edstn\u00ed tra\u0165ov\u00e9 pas\u00e1\u017ee &#8222;Skalka&#8220;, aby mohli na ja\u0159e zde na\u0161i v poho tr\u00e9novat&#8230; Brigad\u00fdr\u016fm bude &hellip; <a href=\"https:\/\/www.moravecteam.cz\/?p=9887\" class=\"more-link\">Pokra\u010dov\u00e1n\u00ed textu <span class=\"screen-reader-text\">Co se bude d\u00edt? (ST41)-2<\/span> <span class=\"meta-nav\">&rarr;<\/span><\/a><\/p>\n","protected":false},"author":3,"featured_media":9934,"comment_status":"open","ping_status":"closed","sticky":false,"template":"","format":"standard","meta":[],"categories":[11],"tags":[],"_links":{"self":[{"href":"https:\/\/www.moravecteam.cz\/index.php?rest_route=\/wp\/v2\/posts\/9887"}],"collection":[{"href":"https:\/\/www.moravecteam.cz\/index.php?rest_route=\/wp\/v2\/posts"}],"about":[{"href":"https:\/\/www.moravecteam.cz\/index.php?rest_route=\/wp\/v2\/types\/post"}],"author":[{"embeddable":true,"href":"https:\/\/www.moravecteam.cz\/index.php?rest_route=\/wp\/v2\/users\/3"}],"replies":[{"embeddable":true,"href":"https:\/\/www.moravecteam.cz\/index.php?rest_route=%2Fwp%2Fv2%2Fcomments&post=9887"}],"version-history":[{"count":11,"href":"https:\/\/www.moravecteam.cz\/index.php?rest_route=\/wp\/v2\/posts\/9887\/revisions"}],"predecessor-version":[{"id":9944,"href":"https:\/\/www.moravecteam.cz\/index.php?rest_route=\/wp\/v2\/posts\/9887\/revisions\/9944"}],"wp:featuredmedia":[{"embeddable":true,"href":"https:\/\/www.moravecteam.cz\/index.php?rest_route=\/wp\/v2\/media\/9934"}],"wp:attachment":[{"href":"https:\/\/www.moravecteam.cz\/index.php?rest_route=%2Fwp%2Fv2%2Fmedia&parent=9887"}],"wp:term":[{"taxonomy":"category","embeddable":true,"href":"https:\/\/www.moravecteam.cz\/index.php?rest_route=%2Fwp%2Fv2%2Fcategories&post=9887"},{"taxonomy":"post_tag","embeddable":true,"href":"https:\/\/www.moravecteam.cz\/index.php?rest_route=%2Fwp%2Fv2%2Ftags&post=9887"}],"curies":[{"name":"wp","href":"https:\/\/api.w.org\/{rel}","templated":true}]}}