{"id":9889,"date":"2017-10-30T21:07:52","date_gmt":"2017-10-30T20:07:52","guid":{"rendered":"http:\/\/www.moravecteam.cz\/?p=9889"},"modified":"2017-10-30T23:17:48","modified_gmt":"2017-10-30T22:17:48","slug":"vzpominate-na-sabinku","status":"publish","type":"post","link":"https:\/\/www.moravecteam.cz\/?p=9889","title":{"rendered":"Vzpom\u00edn\u00e1te na Sabinku?"},"content":{"rendered":"<p style=\"text-align: justify;\"><strong><span style=\"color: #800000;\">MORAVEC Team se m\u016f\u017ee py\u0161nit p\u0159\u00edzn\u00ed skv\u011bl\u00fdch sportovc\u016f, kte\u0159\u00ed to ve &#8222;sv\u00e9m oboru&#8220; dot\u00e1hli hodn\u011b daleko&#8230; Z na\u0161\u00ed &#8222;cyklistick\u00e9 bran\u017ee&#8220; p\u0159ipomenu nap\u0159\u00edklad mistry sv\u011bta Va\u0161ka Kol\u00e1\u0159e (bike trial) a Zde\u0148ka Mlyn\u00e1\u0159e (cyklokros), \u010di olympijsk\u00e9ho v\u00edt\u011bze\u00a0 z Tokia 1964 Jirku Dallera (dr\u00e1ha)&#8230; \u017de by s n\u00e1mi ale mistr sv\u011bta za\u017e\u00edval na\u0161e pravideln\u00e9 riskantn\u00ed \u010dervencov\u00e9 cyklo-putov\u00e1n\u00ed,<a href=\"http:\/\/www.moravecteam.cz\/?p=9263\"> to se n\u00e1m po\u0161t\u011bstilo a\u017e letos<\/a>, kdy\u017e s n\u00e1mi po Ji\u017en\u00ed Morav\u011b bikovala\u00a0 mistryn\u011b sv\u011bta ve sportovn\u00edm aerobiku &#8211; Sabina Jur\u00e1nkov\u00e1.\u00a0<\/span><\/strong><\/p>\n<p style=\"text-align: justify;\"><span style=\"text-align: justify;\"><a href=\"http:\/\/www.moravecteam.cz\/?attachment_id=10174\" rel=\"attachment wp-att-10174\"><img decoding=\"async\" loading=\"lazy\" class=\"size-full wp-image-10174 alignleft\" title=\"\u010cerstv\u00e1 Mistryn\u011b sv\u011bta ve sportovn\u00edm aerobiku mezi kadetkami - na\u0161e kamar\u00e1dka Sabina Jur\u00e1nkov\u00e1!\" alt=\"sabina-mistryn\u011b-sv\u011bta\" src=\"http:\/\/www.moravecteam.cz\/wp-content\/uploads\/2017\/10\/sabina-mistryn\u011b-sv\u011bta.jpg\" width=\"210\" height=\"300\" \/><\/a>Nen\u00e1padn\u00e1, plach\u00e1, kdy\u017e jsem ji cht\u011bl zachytit p\u0159i na\u0161em leto\u0161n\u00edm kempu\u00a0 na fotoapar\u00e1t, nebylo to v\u016fbec snadn\u00e9&#8230; V okam\u017eiku, kdy ale &#8222;Sab\u010da&#8220; &#8222;nab\u011bhne&#8220; na svoje &#8222;aerobick\u00e9&#8220; p\u00f3dium aby p\u0159edvedla svoji hlavn\u00ed sportovn\u00ed disciplinu, st\u00e1v\u00e1 se z n\u00ed skute\u010dn\u00e1 &#8222;dra\u010dice&#8220;, kter\u00e1 sv\u00e9 \u0159emeslo &#8211; tj. sportovn\u00ed aerobik ovl\u00e1d\u00e1 dokonale! Aby ne: <span style=\"color: #800000;\"><strong>na sklonku \u0159\u00edjna se stala ve sv\u00e9 disciplin\u011b v nizozemsk\u00e9m Leidenu op\u011bt mistryn\u00ed sv\u011bta!<\/strong><\/span> Blahop\u0159ejeme!\u00a0 A kdo v\u00ed&#8230; Mo\u017en\u00e1 i to na\u0161e \u010dervencov\u00e9 bikov\u00e1n\u00ed ji napomohlo naladit formu na vrchol sez\u00f3ny, kter\u00fdm pro ni zm\u00edn\u011bn\u00e9 Mistrovstv\u00ed sv\u011bta v Nizozemsku ur\u010dit\u011b bylo!<\/span><\/p>\n<figure id=\"attachment_10168\" aria-describedby=\"caption-attachment-10168\" style=\"width: 761px\" class=\"wp-caption alignnone\"><a href=\"http:\/\/www.moravecteam.cz\/?attachment_id=10168\" rel=\"attachment wp-att-10168\"><img decoding=\"async\" loading=\"lazy\" class=\" wp-image-10168\" alt=\"P1150418\" src=\"http:\/\/www.moravecteam.cz\/wp-content\/uploads\/2017\/10\/P1150418.jpg\" width=\"761\" height=\"809\" srcset=\"https:\/\/www.moravecteam.cz\/wp-content\/uploads\/2017\/10\/P1150418.jpg 761w, https:\/\/www.moravecteam.cz\/wp-content\/uploads\/2017\/10\/P1150418-282x300.jpg 282w\" sizes=\"(max-width: 761px) 100vw, 761px\" \/><\/a><figcaption id=\"caption-attachment-10168\" class=\"wp-caption-text\">I na biku je Sabina dost dobr\u00e1&#8230;<\/figcaption><\/figure>\n<p style=\"text-align: justify;\">Fyzick\u00fd fond m\u00e1 Sabina &#8211; soud\u011b podle toho co p\u0159edvedla na biku letos v posledn\u00edch \u010dervencov\u00fdch dnech v na\u0161em kempov\u00e9m pelotonku &#8211; obdivuhodn\u00fd. P\u0159i jej\u00edm sportovn\u00edm &#8222;\u0159emesle&#8220; to ani jinak b\u00fdt nem\u016f\u017ee, ka\u017edop\u00e1dn\u011b fyzick\u00e1 kondice je z\u00e1kladn\u00edm p\u0159edpokladem dobr\u00e9ho bikera \u010di bikerky&#8230; Tak\u017ee, kdo v\u00ed podruh\u00e9: \u017ee by Sabinka \u010dasem p\u0159esedlala ze sportovn\u00edho aerobiku na biking? Uvid\u00edme! Ka\u017edop\u00e1dn\u011b na odd\u00edlov\u00fd kemp 2018 ji op\u011bt pozveme a bude n\u00e1m ct\u00ed, jezdit cestou &#8211; necestou \/ polem &#8211; nepolem, s Mistryn\u00ed sv\u011bta!\u00a0Zde\u00a0je <strong><a href=\"https:\/\/www.novinky.cz\/vase-zpravy\/zahranici\/nizozemsko\/4733-47316-ms-v-aerobiku-bylo-ve-znameni-novych-kraloven-stribro-veze-citova.html#utm_source=search.seznam.cz&amp;utm_medium=hint&amp;utm_content=freshnews&amp;utm_term=ms%20ve%20sportovn\u00edm%20aerobiku%202017\">ofici\u00e1ln\u00ed tiskov\u00e1 zpr\u00e1va<\/a>\u00a0<\/strong>z vrcholn\u00e9 ud\u00e1losti ve sportovn\u00edm aerobiku (v Nizozemsku se da\u0159ilo krom\u011b Sabiny Jur\u00e1nkov\u00e9 i dal\u0161\u00edm na\u0161im bork\u00e1m a borc\u016fm)\u00a0a zde <strong><a href=\"http:\/\/www.corridoor.cz\/sabina-vyhrala-mistrovstvi-sveta\/\">pr\u016fkazn\u00e9 foto<\/a>&#8230;\u00a0<\/strong>Je\u0161t\u011b jednou &#8211; blahop\u0159ejeme!!!<\/p>\n","protected":false},"excerpt":{"rendered":"<p>MORAVEC Team se m\u016f\u017ee py\u0161nit p\u0159\u00edzn\u00ed skv\u011bl\u00fdch sportovc\u016f, kte\u0159\u00ed to ve &#8222;sv\u00e9m oboru&#8220; dot\u00e1hli hodn\u011b daleko&#8230; Z na\u0161\u00ed &#8222;cyklistick\u00e9 bran\u017ee&#8220; p\u0159ipomenu nap\u0159\u00edklad mistry sv\u011bta Va\u0161ka Kol\u00e1\u0159e (bike trial) a Zde\u0148ka Mlyn\u00e1\u0159e (cyklokros), \u010di olympijsk\u00e9ho v\u00edt\u011bze\u00a0 z Tokia 1964 Jirku Dallera (dr\u00e1ha)&#8230; \u017de by s n\u00e1mi ale mistr sv\u011bta za\u017e\u00edval na\u0161e pravideln\u00e9 riskantn\u00ed \u010dervencov\u00e9 cyklo-putov\u00e1n\u00ed, to &hellip; <a href=\"https:\/\/www.moravecteam.cz\/?p=9889\" class=\"more-link\">Pokra\u010dov\u00e1n\u00ed textu <span class=\"screen-reader-text\">Vzpom\u00edn\u00e1te na Sabinku?<\/span> <span class=\"meta-nav\">&rarr;<\/span><\/a><\/p>\n","protected":false},"author":3,"featured_media":10178,"comment_status":"open","ping_status":"closed","sticky":false,"template":"","format":"standard","meta":[],"categories":[13],"tags":[],"_links":{"self":[{"href":"https:\/\/www.moravecteam.cz\/index.php?rest_route=\/wp\/v2\/posts\/9889"}],"collection":[{"href":"https:\/\/www.moravecteam.cz\/index.php?rest_route=\/wp\/v2\/posts"}],"about":[{"href":"https:\/\/www.moravecteam.cz\/index.php?rest_route=\/wp\/v2\/types\/post"}],"author":[{"embeddable":true,"href":"https:\/\/www.moravecteam.cz\/index.php?rest_route=\/wp\/v2\/users\/3"}],"replies":[{"embeddable":true,"href":"https:\/\/www.moravecteam.cz\/index.php?rest_route=%2Fwp%2Fv2%2Fcomments&post=9889"}],"version-history":[{"count":20,"href":"https:\/\/www.moravecteam.cz\/index.php?rest_route=\/wp\/v2\/posts\/9889\/revisions"}],"predecessor-version":[{"id":10216,"href":"https:\/\/www.moravecteam.cz\/index.php?rest_route=\/wp\/v2\/posts\/9889\/revisions\/10216"}],"wp:featuredmedia":[{"embeddable":true,"href":"https:\/\/www.moravecteam.cz\/index.php?rest_route=\/wp\/v2\/media\/10178"}],"wp:attachment":[{"href":"https:\/\/www.moravecteam.cz\/index.php?rest_route=%2Fwp%2Fv2%2Fmedia&parent=9889"}],"wp:term":[{"taxonomy":"category","embeddable":true,"href":"https:\/\/www.moravecteam.cz\/index.php?rest_route=%2Fwp%2Fv2%2Fcategories&post=9889"},{"taxonomy":"post_tag","embeddable":true,"href":"https:\/\/www.moravecteam.cz\/index.php?rest_route=%2Fwp%2Fv2%2Ftags&post=9889"}],"curies":[{"name":"wp","href":"https:\/\/api.w.org\/{rel}","templated":true}]}}