{"id":991,"date":"2015-07-07T12:48:55","date_gmt":"2015-07-07T10:48:55","guid":{"rendered":"http:\/\/www.moravecteam.cz\/?p=991"},"modified":"2015-12-01T09:47:15","modified_gmt":"2015-12-01T08:47:15","slug":"co-se-bude-dit-st28","status":"publish","type":"post","link":"https:\/\/www.moravecteam.cz\/?p=991","title":{"rendered":"Co se bude d\u00edt? (ST28)"},"content":{"rendered":"<p style=\"text-align: justify;\"><span style=\"color: #800000;\">\u00datern\u00ed a st\u0159ede\u010dn\u00ed tr\u00e9ninky \u010dlen\u016f z\u00e1vodn\u00edho t\u00fdmu s V\u00ed\u0165ou Prudkem odpadaj\u00ed, tren\u00e9r ordinuje po n\u00e1ro\u010dn\u00e9m p\u0159\u00edpravn\u00e9m t\u00fddnu v Jesen\u00edk\u00e1ch, kter\u00fd byl zakon\u010den spe\u0161ovskou MTB race &#8211; odpo\u010dinek a klid (ne ale na l\u016f\u017eku)&#8230;<\/span><\/p>\n<h5><span style=\"color: #800000;\"><strong>St\u0159eda 8.7.2015<\/strong><\/span><\/h5>\n<p style=\"text-align: justify;\">Pravideln\u00fd tr\u00e9nink biker\u016f MORAVCE &#8222;druh\u00e9ho sledu&#8220; &#8211; tj. t\u011bch, kte\u0159\u00ed je\u0161t\u011b \u010cesk\u00fd poh\u00e1r horsk\u00fdch kol nejezd\u00ed, ale jsou zdatn\u00ed v region\u00e1ln\u00edm seri\u00e1lu o Poh\u00e1r Drahansk\u00e9 vrchoviny. Sraz mlad\u00fdch biker\u016f je v 17.00 hodin, u Z\u0160 Bene\u0161ov, tr\u00e9nink povede\u00a0Milan Tlamka.\u00a0V p\u0159\u00edpad\u011b \u00a0dotaz\u016f kontaktujte Milana na jeho mobiln\u00ed apar\u00e1t s identifik\u00e1torem\u00a0776 108 046.<\/p>\n<h5><span style=\"color: #800000;\">P\u00e1tek 10.7. 2015<\/span><\/h5>\n<p style=\"text-align: justify;\">Sraz z\u00e1vodn\u00edho &#8222;A&#8220; t\u00fdmu\u00a0v 15.00 hodin u restaurace Morava Bene\u0161ov. Jako MORAVEC Team vyr\u00e1\u017e\u00edme na ostr\u00fd tr\u00e9nink na poh\u00e1rovou tra\u0165 do Brna. Dopravu tam i zp\u011bt, v\u010detn\u011b velomateri\u00e1lu, zaji\u0161\u0165uje odd\u00edl. V p\u0159\u00edpad\u011b nemo\u017enosti Va\u0161\u00ed \u00fa\u010dasti na p\u00e1te\u010dn\u00edm tr\u00e9ninku \u010di p\u0159\u00edpadn\u00e9 absence ve vlastn\u00edm sobotn\u00edm z\u00e1vod\u011b v Brn\u011b &#8211; Atroposu, pros\u00edm omluvte se v\u010das tren\u00e9r\u016fm, V\u00ed\u0165ovi Prudkovi (731180096) \u010di Milanu Tlamkovi (776108046),\u00a0kte\u0159\u00ed \u00fa\u010dast na p\u00e1te\u010dn\u00edm \u00a0tr\u00e9ninku i v sobotn\u00edm z\u00e1vod\u011b,\u00a0koordinuj\u00ed.<\/p>\n<h5><span style=\"color: #800000;\">Sobota\u00a0\u00a011.7.2015<\/span><\/h5>\n<p style=\"text-align: justify;\">P\u00e1t\u00fd z\u00e1vod \u010cesk\u00e9ho poh\u00e1ru horsk\u00fdch kol v Brn\u011b. Jak se MORAVEC Team p\u0159esune na trat\u011b v sobotu, bude dohodnuto v r\u00e1mci p\u00e1te\u010dn\u00edho ostr\u00e9ho Teamov\u00e9ho tr\u00e9ninku. Propozice na brn\u011bnskou obnovenou cross country premi\u00e9ru hledejte \u00a0jako obvykle zde:\u00a0<strong><a href=\"http:\/\/www.poharmtb.cz\/cross-country\/cross-country-propozice\/\">http:\/\/www.poharmtb.cz\/cross-country\/cross-country-propozice\/<\/a><\/strong><\/p>\n","protected":false},"excerpt":{"rendered":"<p>\u00datern\u00ed a st\u0159ede\u010dn\u00ed tr\u00e9ninky \u010dlen\u016f z\u00e1vodn\u00edho t\u00fdmu s V\u00ed\u0165ou Prudkem odpadaj\u00ed, tren\u00e9r ordinuje po n\u00e1ro\u010dn\u00e9m p\u0159\u00edpravn\u00e9m t\u00fddnu v Jesen\u00edk\u00e1ch, kter\u00fd byl zakon\u010den spe\u0161ovskou MTB race &#8211; odpo\u010dinek a klid (ne ale na l\u016f\u017eku)&#8230; St\u0159eda 8.7.2015 Pravideln\u00fd tr\u00e9nink biker\u016f MORAVCE &#8222;druh\u00e9ho sledu&#8220; &#8211; tj. t\u011bch, kte\u0159\u00ed je\u0161t\u011b \u010cesk\u00fd poh\u00e1r horsk\u00fdch kol nejezd\u00ed, ale jsou zdatn\u00ed v &hellip; <a href=\"https:\/\/www.moravecteam.cz\/?p=991\" class=\"more-link\">Pokra\u010dov\u00e1n\u00ed textu <span class=\"screen-reader-text\">Co se bude d\u00edt? (ST28)<\/span> <span class=\"meta-nav\">&rarr;<\/span><\/a><\/p>\n","protected":false},"author":3,"featured_media":0,"comment_status":"closed","ping_status":"closed","sticky":false,"template":"","format":"standard","meta":[],"categories":[11],"tags":[],"_links":{"self":[{"href":"https:\/\/www.moravecteam.cz\/index.php?rest_route=\/wp\/v2\/posts\/991"}],"collection":[{"href":"https:\/\/www.moravecteam.cz\/index.php?rest_route=\/wp\/v2\/posts"}],"about":[{"href":"https:\/\/www.moravecteam.cz\/index.php?rest_route=\/wp\/v2\/types\/post"}],"author":[{"embeddable":true,"href":"https:\/\/www.moravecteam.cz\/index.php?rest_route=\/wp\/v2\/users\/3"}],"replies":[{"embeddable":true,"href":"https:\/\/www.moravecteam.cz\/index.php?rest_route=%2Fwp%2Fv2%2Fcomments&post=991"}],"version-history":[{"count":3,"href":"https:\/\/www.moravecteam.cz\/index.php?rest_route=\/wp\/v2\/posts\/991\/revisions"}],"predecessor-version":[{"id":1007,"href":"https:\/\/www.moravecteam.cz\/index.php?rest_route=\/wp\/v2\/posts\/991\/revisions\/1007"}],"wp:attachment":[{"href":"https:\/\/www.moravecteam.cz\/index.php?rest_route=%2Fwp%2Fv2%2Fmedia&parent=991"}],"wp:term":[{"taxonomy":"category","embeddable":true,"href":"https:\/\/www.moravecteam.cz\/index.php?rest_route=%2Fwp%2Fv2%2Fcategories&post=991"},{"taxonomy":"post_tag","embeddable":true,"href":"https:\/\/www.moravecteam.cz\/index.php?rest_route=%2Fwp%2Fv2%2Ftags&post=991"}],"curies":[{"name":"wp","href":"https:\/\/api.w.org\/{rel}","templated":true}]}}