{"id":9938,"date":"2017-10-13T06:11:19","date_gmt":"2017-10-13T04:11:19","guid":{"rendered":"http:\/\/www.moravecteam.cz\/?p=9938"},"modified":"2017-10-13T07:06:14","modified_gmt":"2017-10-13T05:06:14","slug":"zlata-sobesicka-tecka","status":"publish","type":"post","link":"https:\/\/www.moravecteam.cz\/?p=9938","title":{"rendered":"Zlat\u00e1 sob\u011b\u0161ick\u00e1 te\u010dka!"},"content":{"rendered":"<p style=\"text-align: justify;\"><strong><span style=\"color: #800000;\"><a href=\"http:\/\/www.moravecteam.cz\/?attachment_id=9954\" rel=\"attachment wp-att-9954\"><img decoding=\"async\" loading=\"lazy\" class=\"size-full wp-image-9954 alignleft\" title=\"Filip Ecler si ud\u011blal v Brn\u011b na Muldi\u010dce zlatou te\u010dku za vyda\u0159enou sez\u00f3nou!\" alt=\"OLYMPUS DIGITAL CAMERA\" src=\"http:\/\/www.moravecteam.cz\/wp-content\/uploads\/2017\/10\/PB180004.jpg\" width=\"152\" height=\"200\" \/><\/a>Skute\u010dn\u011b d\u016fstojn\u011b se rozlou\u010dili bike\u0159i MORAVEC Teamu s leto\u0161n\u00ed sez\u00f3nou! Sob\u011b\u0161ick\u00e1 mulda je u\u017e\u00a0po l\u00e9ta\u00a0pravideln\u011b\u00a0 na\u0161\u00ed posledn\u00ed cross country \u0161tac\u00ed a ani letos tomu nebylo jinak. P\u0159i pro\u010d\u00edt\u00e1n\u00ed v\u00fdsledkov\u00fdch listin jsem odhalil rovnou jeden\u00e1ctku\u00a0 na\u0161ich reprezentant\u016f, kte\u0159\u00ed minulou ned\u011bli vyrazili do Brna &#8211; Lesn\u00e9 za chladn\u00e9ho, vlhk\u00e9ho a z\u00e1rove\u0148 de\u0161tiv\u00e9ho\u00a0po\u010das\u00ed &#8222;potit krev&#8220; za MORAVEC. A sedm vybojovan\u00fdch medail\u00ed (3 zlat\u00e9, jedna st\u0159\u00edbrn\u00e1 a 3 bronzov\u00e9) je skute\u010dn\u011b v\u00fdborn\u00fdm v\u00fdsledkem, potvrzuj\u00edc\u00edm vysokou v\u00fdkonnost na\u0161ich rajdr\u016f i\u00a0v samotn\u00e9m z\u00e1v\u011br sez\u00f3ny!<\/span><\/strong><\/p>\n<p style=\"text-align: justify;\"><a href=\"http:\/\/www.moravecteam.cz\/?attachment_id=9953\" rel=\"attachment wp-att-9953\"><img decoding=\"async\" loading=\"lazy\" class=\"size-full wp-image-9953 alignright\" title=\"I Just\u00fdnka Novotn\u00e1 v Brn\u011b potvrdila svoji extrat\u0159\u00eddu!\" alt=\"OLYMPUS DIGITAL CAMERA\" src=\"http:\/\/www.moravecteam.cz\/wp-content\/uploads\/2017\/10\/PB180004-3.jpg\" width=\"148\" height=\"200\" \/><\/a>Dob\u0159e zn\u00e1me z minulosti, \u017ee kultovn\u00ed Sob\u011b\u0161ick\u00e1 mulda m\u00e1 dv\u011b samostatn\u00e9, paraleln\u011b prob\u00edhaj\u00edc\u00ed \u010d\u00e1sti. Z\u00e1vody d\u011bt\u00ed do dev\u00edti let v\u010detn\u011b se jedou v r\u00e1mci tzv. Muldi\u010dky (travnat\u00e9 okruhy jsou situov\u00e1ny v m\u00edrn\u00e9m svahu t\u011bsn\u011b za z\u00e1stavbou s\u00eddli\u0161t\u011b Brno-Lesn\u00e1) a z\u00e1vody rajdr\u016f od 10-ti let v\u00fd\u0161e prob\u00edhaj\u00ed na &#8222;velk\u00fdch&#8220; trat\u00edch, kter\u00e9 pak vedou do les\u016f k vesnici Sob\u011b\u0161ice. Na\u0161i reprezentanti bojovali tam i tam a proto\u017ee Mulda i Muldi\u010dka b\u00fdv\u00e1 v z\u00e1v\u011bru sez\u00f3ny bikery v\u017edy hodn\u011b vyhled\u00e1van\u00e1, konkurence byla i letos bohat\u00e1 a hlavn\u011b &#8211; kvalitn\u00ed! T\u00edm v\u00edce vynik\u00e1 n\u00e1\u0161 leto\u0161n\u00ed\u00a0medailov\u00fd profit z t\u00e9to l\u00e9ty u\u017e presti\u017en\u00ed &#8222;race&#8220;.<\/p>\n<p style=\"text-align: justify;\"><a href=\"http:\/\/www.moravecteam.cz\/?attachment_id=9949\" rel=\"attachment wp-att-9949\"><img decoding=\"async\" loading=\"lazy\" class=\"size-full wp-image-9949 alignleft\" title=\"Leonkaa Eclerov\u00e1, na\u0161e leto\u0161n\u00ed spolehliv\u00e1 sb\u011bratelka medail\u00ed!\" alt=\"DSC_3206\" src=\"http:\/\/www.moravecteam.cz\/wp-content\/uploads\/2017\/10\/DSC_3206.jpg\" width=\"139\" height=\"200\" \/><\/a>Jako prvn\u00ed vybojoval svoji bitvu v kategorii chlapc\u016f do 5 let n\u00e1\u0161 <span style=\"color: #800000;\"><strong>Jon\u00e1\u0161ek Janovsk\u00fd<\/strong><\/span>, kter\u00fd zdol\u00e1val okruh dlouh\u00fd 140 m a v konkurenci 31, vesm\u011bs star\u0161\u00edch \u00a0soupe\u0159\u016f bral velmi dobr\u00e9 11. m\u00edsto! Prvn\u00ed &#8222;placku&#8220; a hned zlatou pro n\u00e1s na &#8222;Muldi\u010dce&#8220; vybojoval &#8222;Black Horse&#8220; z leto\u0161n\u00edho &#8222;\u0160umper\u00e1ku&#8220;, <strong><span style=\"color: #800000;\">Filip Ecler<\/span><\/strong>. Vyhr\u00e1l suver\u00e9nn\u011b kategorii 6-7 let, kter\u00e1 zdol\u00e1vala okruh 350 m a ze &#8222;skalp\u016f&#8220; prim\u016f leto\u0161n\u00ed MTB &#8222;Vrchoviny&#8220;,\u00a0nap\u0159. ti\u0161novsk\u00e9ho Vildy Kaliny\u00a0\u010di Tobiase \u017d\u00e1\u010dka z Miroslavi, m\u011bl ur\u010dit\u011b radost!<\/p>\n<p style=\"text-align: justify;\">Stejn\u00e9 kategorie jsme obsadili s medailov\u00fdmi ambicemi i\u00a0v<a href=\"http:\/\/www.moravecteam.cz\/?attachment_id=9952\" rel=\"attachment wp-att-9952\"><img decoding=\"async\" loading=\"lazy\" class=\"size-full wp-image-9952 alignright\" title=\"Bar\u010da Janovsk\u00e1 vybojovala na Muldi\u010dce zlou\u017een\u00fd bronz!\" alt=\"OLYMPUS DIGITAL CAMERA\" src=\"http:\/\/www.moravecteam.cz\/wp-content\/uploads\/2017\/10\/PB180004-2.jpg\" width=\"140\" height=\"200\" \/><\/a> d\u011bv\u010datech a holky taky nezklamaly! <strong><span style=\"color: #800000;\">Leonka<\/span><\/strong> <span style=\"color: #800000;\"><strong>Eclerov\u00e1<\/strong><\/span><span style=\"color: #000000;\"><span style=\"color: #800000;\">,\u00a0<\/span><\/span><strong>\u00a0<\/strong>kter\u00e1 musela \u010delit 34 soupe\u0159k\u00e1m dojela na 2. m\u00edst\u011b a <span style=\"color: #800000;\"><strong>Zitu\u0161ka \u017dern\u00ed\u010dkov\u00e1<\/strong> <\/span>brala v konkurenci dvan\u00e1cti borek bronz! \u017de budou na\u0161e &#8222;mlad\u00e9 pu\u0161ky&#8220; na Muldi\u010dce hodn\u011b vid\u011bt potvrdila ziskem zlata na trati 750 m v kategorii d\u011bv\u010dat 8-9 let <strong><span style=\"color: #800000;\">Just\u00fdnka Novotn\u00e1<\/span><\/strong>, kterou v Brn\u011b &#8211; Lesn\u00e9 doprovodila na &#8222;bednu&#8220; dal\u0161\u00ed na\u0161e kvalitn\u00ed mlad\u00e1 bikerka, v c\u00edli t\u0159et\u00ed <strong><span style=\"color: #800000;\">Bar\u010da Janovsk\u00e1<\/span><\/strong>. Bravo Girls! &#8222;Repro\u0161e&#8220; jsme m\u011bli i v kategorii stejn\u011b mlad\u00fdch hoch\u016f. Osmilet\u00fd\u00a0<span style=\"color: #800000;\"><strong>Tom\u00e1\u0161 Sedl\u00e1k, <\/strong><span style=\"color: #000000;\">kter\u00fd si to se sv\u00fdm br\u00e1chou Luk\u00e1\u0161em a t\u00e1tou Vlast\u00edkem k n\u00e1m letos sm\u011ble nam\u00ed\u0159il, dojel v konkurenci 32 bore\u010dk\u016f na 12 m\u00edst\u011b! Taky &#8222;dost dobr\u00fd&#8220;..!<\/span><\/span><\/p>\n<p style=\"text-align: justify;\"><span style=\"color: #800000;\"><span style=\"color: #000000;\"><a href=\"http:\/\/www.moravecteam.cz\/?attachment_id=9950\" rel=\"attachment wp-att-9950\"><img decoding=\"async\" loading=\"lazy\" class=\"size-full wp-image-9950 alignleft\" title=\"Bronzem z z\u00e1v\u011bre\u010dn\u00e9ho bikov\u00e9ho Brna se m\u016f\u017ee pochlubit i Zitu\u0161ka \u017dern\u00ed\u010dkov\u00e1.\" alt=\"DSC_3214\" src=\"http:\/\/www.moravecteam.cz\/wp-content\/uploads\/2017\/10\/DSC_3214.jpg\" width=\"132\" height=\"200\" \/><\/a>Star\u0161\u00ed bratr Tom\u00e1\u0161e<\/span><strong>, Luk\u00e1\u0161 Sedl\u00e1k,<\/strong><\/span>\u00a0dojel na slu\u0161n\u00e9m, 11. m\u00edst\u011b, kdy\u017e \u00a0v kategorii chlapc\u016f 13-14 let odol\u00e1val zdatn\u00fdm\u00a0 soupe\u0159\u016fm, kter\u00fdch bylo celkem 15. Star\u0161\u00ed\u00a0\u017e\u00e1ci\u00a0u\u017e &#8222;l\u00edtali&#8220;\u00a0na trati 7,5 km\u00a0\u00a0opravdu\u00a0\u00a0p\u0159es legend\u00e1rn\u00ed Sob\u011b\u0161ickou muldu. Ta m\u00e1 sice k valchovsk\u00e9mu &#8222;P\u00edse\u010d\u00e1ku&#8220; dost daleko, ale je to tak\u00e9 slu\u0161n\u00e1 &#8222;d\u017euzna&#8220;&#8230; Ne\u010dekan\u00e9ho, o to<a href=\"http:\/\/www.moravecteam.cz\/?attachment_id=9961\" rel=\"attachment wp-att-9961\"><img decoding=\"async\" loading=\"lazy\" class=\"size-full wp-image-9961 alignright\" title=\"Sympatick\u00fd Adam Bal\u00e1k n\u00e1s brnozem moc pot\u011b\u0161il!\" alt=\"P1340647a\" src=\"http:\/\/www.moravecteam.cz\/wp-content\/uploads\/2017\/10\/P1340647a.jpg\" width=\"135\" height=\"200\" \/><\/a> radostn\u011bj\u0161\u00edho bronzu jsme se do\u010dkali v z\u00e1vod\u011b mu\u017e\u016f 19-39 let na trati 15 km. Vybojoval ho <span style=\"color: #800000;\"><strong>Adam Bal\u00e1k<\/strong> <\/span>a potvrdil, \u017ee je excelentn\u00edm bikerem! Bronz bral Adam v konkurenci bez m\u00e1la 60-ti soupe\u0159\u016f! Stejn\u011b skv\u011ble si vedl i\u00a0jeho\u00a0t\u00e1ta &#8211;\u00a0<span style=\"color: #800000;\"><strong>Pavel Bal\u00e1k<\/strong><\/span>. Ten toti\u017e suver\u00e9nn\u011b ovl\u00e1dl z\u00e1vod veter\u00e1n\u016f nad 50 let na stejn\u00e9 trati a ov\u011b\u0159il si, \u017ee je na rozbihaj\u00edc\u00ed se cyklokrosa\u0159skou sez\u00f3nu v\u00fdborn\u011b p\u0159ipraven! &#8222;Bal\u00e1ci&#8220; tak dokompletovali na\u0161i medailovou sb\u00edrku z leto\u0161n\u00ed\u00a0Sob\u011b\u0161ick\u00e9 muldy.<\/p>\n<p><a href=\"http:\/\/www.moravecteam.cz\/?attachment_id=9958\" rel=\"attachment wp-att-9958\"><img decoding=\"async\" loading=\"lazy\" class=\"size-full wp-image-9958  alignleft\" title=\"Pavel Bal\u00e1k m\u00e1 - zd\u00e1 se - na \u00favod cyklokrosov\u00e9 sez\u00f3ny v\u00fdte\u010dnou formu!\" alt=\"P1340652a\" src=\"http:\/\/www.moravecteam.cz\/wp-content\/uploads\/2017\/10\/P1340652a.jpg\" width=\"184\" height=\"200\" \/><\/a><\/p>\n<p style=\"text-align: justify;\">V mlad\u0161\u00edch veter\u00e1nech n\u00e1s reprezentoval i vicemistr leto\u0161n\u00ed MTB &#8222;Vrchoviny&#8220; &#8211; <span style=\"color: #800000;\"><strong>Franti\u0161ek Pad\u011bra<\/strong><\/span>. V konkurenci 30 rajdr\u016f dojel na trati 15 km jako 9., kdy\u017e musel z\u00e1vod kv\u016fli p\u0159etr\u017een\u00e9mu \u0159et\u011bzu dob\u00edhat! A Franti\u0161ek dle z\u00e1pisu ve v\u00fdsledkov\u00e9 listin\u011b startoval ve\u00a0sv\u00e9 kategorii i na dvojn\u00e1sobn\u00e9 trati! (30 km). Z tohoto z\u00e1vodu sice po odjet\u00ed t\u0159\u00ed kol z d\u016fvodu p\u0159etrv\u00e1vaj\u00edc\u00edch technick\u00fdch obt\u00ed\u017e\u00ed odstoupil, ale na\u0161i pochvalu za state\u010dnost a odolnost ur\u010dit\u011b zaslou\u017e\u00ed! Stejn\u011b, jako cel\u00e1 na\u0161e leto\u0161n\u00ed posledn\u00ed \u00fadern\u00e1 &#8222;bikov\u00e1 sqadra&#8220;, kter\u00e1 v docela nevl\u00eddn\u00e9m klimatu MORAVEC Team\u00a0 reprezentovala v Brn\u011b &#8211; Lesn\u00e9 \/ Sob\u011b\u0161ic\u00edch na podtr\u017eenou jedni\u010dku! Zde si odkontrolujte <strong><a href=\"http:\/\/czex.cz\/mulda\/vysledky\">v\u00fdsledkov\u00e9 listiny<\/a><\/strong>\u00a0a p\u0159ehl\u00e9dl-li jsem v nich n\u011bkoho z na\u0161ich, tak se nebojte ozvat!<\/p>\n<p style=\"text-align: justify;\">\n","protected":false},"excerpt":{"rendered":"<p>Skute\u010dn\u011b d\u016fstojn\u011b se rozlou\u010dili bike\u0159i MORAVEC Teamu s leto\u0161n\u00ed sez\u00f3nou! Sob\u011b\u0161ick\u00e1 mulda je u\u017e\u00a0po l\u00e9ta\u00a0pravideln\u011b\u00a0 na\u0161\u00ed posledn\u00ed cross country \u0161tac\u00ed a ani letos tomu nebylo jinak. P\u0159i pro\u010d\u00edt\u00e1n\u00ed v\u00fdsledkov\u00fdch listin jsem odhalil rovnou jeden\u00e1ctku\u00a0 na\u0161ich reprezentant\u016f, kte\u0159\u00ed minulou ned\u011bli vyrazili do Brna &#8211; Lesn\u00e9 za chladn\u00e9ho, vlhk\u00e9ho a z\u00e1rove\u0148 de\u0161tiv\u00e9ho\u00a0po\u010das\u00ed &#8222;potit krev&#8220; za MORAVEC. A &hellip; <a href=\"https:\/\/www.moravecteam.cz\/?p=9938\" class=\"more-link\">Pokra\u010dov\u00e1n\u00ed textu <span class=\"screen-reader-text\">Zlat\u00e1 sob\u011b\u0161ick\u00e1 te\u010dka!<\/span> <span class=\"meta-nav\">&rarr;<\/span><\/a><\/p>\n","protected":false},"author":3,"featured_media":9951,"comment_status":"open","ping_status":"closed","sticky":false,"template":"","format":"standard","meta":[],"categories":[1],"tags":[],"_links":{"self":[{"href":"https:\/\/www.moravecteam.cz\/index.php?rest_route=\/wp\/v2\/posts\/9938"}],"collection":[{"href":"https:\/\/www.moravecteam.cz\/index.php?rest_route=\/wp\/v2\/posts"}],"about":[{"href":"https:\/\/www.moravecteam.cz\/index.php?rest_route=\/wp\/v2\/types\/post"}],"author":[{"embeddable":true,"href":"https:\/\/www.moravecteam.cz\/index.php?rest_route=\/wp\/v2\/users\/3"}],"replies":[{"embeddable":true,"href":"https:\/\/www.moravecteam.cz\/index.php?rest_route=%2Fwp%2Fv2%2Fcomments&post=9938"}],"version-history":[{"count":15,"href":"https:\/\/www.moravecteam.cz\/index.php?rest_route=\/wp\/v2\/posts\/9938\/revisions"}],"predecessor-version":[{"id":9963,"href":"https:\/\/www.moravecteam.cz\/index.php?rest_route=\/wp\/v2\/posts\/9938\/revisions\/9963"}],"wp:featuredmedia":[{"embeddable":true,"href":"https:\/\/www.moravecteam.cz\/index.php?rest_route=\/wp\/v2\/media\/9951"}],"wp:attachment":[{"href":"https:\/\/www.moravecteam.cz\/index.php?rest_route=%2Fwp%2Fv2%2Fmedia&parent=9938"}],"wp:term":[{"taxonomy":"category","embeddable":true,"href":"https:\/\/www.moravecteam.cz\/index.php?rest_route=%2Fwp%2Fv2%2Fcategories&post=9938"},{"taxonomy":"post_tag","embeddable":true,"href":"https:\/\/www.moravecteam.cz\/index.php?rest_route=%2Fwp%2Fv2%2Ftags&post=9938"}],"curies":[{"name":"wp","href":"https:\/\/api.w.org\/{rel}","templated":true}]}}