{"id":9969,"date":"2017-10-17T01:30:24","date_gmt":"2017-10-16T23:30:24","guid":{"rendered":"http:\/\/www.moravecteam.cz\/?p=9969"},"modified":"2017-10-18T07:36:45","modified_gmt":"2017-10-18T05:36:45","slug":"co-se-bude-dit-st42-3","status":"publish","type":"post","link":"https:\/\/www.moravecteam.cz\/?p=9969","title":{"rendered":"Co se bude d\u00edt? (ST42)-2"},"content":{"rendered":"<h5><span style=\"color: #800000;\">St\u0159eda\u00a018.10. 2017<\/span><\/h5>\n<p style=\"text-align: justify;\">V Brn\u011b na trat\u00edch u Anthroposu startuj\u00ed Brn\u011bnsk\u00e9 cyklokrosov\u00e9 st\u0159edy. \u00da\u010dast a dopravu si ka\u017ed\u00fd zaji\u0161\u0165uje s\u00e1m, zde mrkn\u011bte na <a href=\"http:\/\/www.favoritbrno.cz\/media\/BCP%20rozpis%202017%20171003.pdf\"><strong>v\u00edce informac\u00ed<\/strong><\/a>.<\/p>\n<h5><span style=\"color: #800000;\">\u010ctvrtek 19.10. 2017<\/span><\/h5>\n<p style=\"text-align: justify;\">Sch\u016fzka veden\u00ed odd\u00edlu s rodi\u010di &#8211; od 18.00 hodin v neku\u0159\u00e1ck\u00e9 \u010d\u00e1sti restaurace Morava Bene\u0161ov.<\/p>\n<h5 style=\"text-align: justify;\"><strong><span style=\"color: #800000;\">Sobota 21.10. 2017<\/span><\/strong><\/h5>\n<p style=\"text-align: justify;\">P\u0159erovsk\u00fd Sportovn\u00ed klub \u0160ela po\u0159\u00e1d\u00e1 ve spolupr\u00e1ci s obc\u00ed Jezernice (nejen) d\u011btsk\u00fd MTB maratonek &#8211; Jezernick\u00e9 Viadukty. \u00da\u010dast a dopravu si ka\u017ed\u00fd zaji\u0161\u0165uje s\u00e1m, zde mrkn\u011bte na <a href=\"http:\/\/www.selasport.cz\/cz\/jezernicke-viadukty.html\"><strong>dal\u0161\u00ed informace<\/strong><\/a>.<\/p>\n<h5><strong><span style=\"color: #800000;\">Ned\u011ble 22.10. 2017\u00a0<\/span><\/strong><\/h5>\n<p style=\"text-align: justify;\">Zakon\u010den\u00ed sez\u00f3ny &#8211; hv\u011bzdicov\u00e1 j\u00edzda na Mal\u00fd Chlum. Sraz u paty rozhledny v 12.30 &#8211; 13.00 hodin.<\/p>\n<h5>\u00a0<span style=\"color: #800000;\">Akce t\u011bsn\u011b za horizontem<\/span><\/h5>\n<ul>\n<li>Zakon\u010den\u00ed sez\u00f3ny &#8211;\u00a0j\u00edzda na Mal\u00fd Chlum &#8211; 22.10. 2017 (ned\u011ble) &#8211; bli\u017e\u0161\u00ed info &#8211; viz v\u00fd\u0161e&#8230;<\/li>\n<li>Draki\u00e1da Drakec MORAVEC &#8211; 29.10. 2017<\/li>\n<li>Prvn\u00ed \u010d\u00e1st zimn\u00ed p\u0159\u00edpravy v t\u011blocvi\u010dn\u011b Bene\u0161ov: od 8.11. do 22.12. 2017 v\u00a0cyklu st\u0159eda (od 16.30 do 18.30) \/ p\u00e1tek (od 18.00 do 20.00, p\u0159\u00edp. 19.30)<\/li>\n<li>N\u00e1v\u0161t\u011bva hrobu Vlastimila MORAVCE &#8211; 16.12. 2017 (sobota)<\/li>\n<li>V\u00fdro\u010dn\u00ed ro(c)kov\u00e1n\u00ed &#8211; 28.12. 2017 (\u010dtvrtek)<\/li>\n<li>Silvestrovsk\u00fd z\u00e1vod &#8211; 30.12. 2017 (sobota)<\/li>\n<li>Novoro\u010dn\u00ed vyj\u00ed\u017e\u010fka &#8211; 1.1. 2018 (pond\u011bl\u00ed)<\/li>\n<li>Druh\u00e1 \u010d\u00e1st zimn\u00ed p\u0159\u00edpravy v t\u011blocvi\u010dn\u011b Bene\u0161ov\u00a0 od 3.1. 2018 do cca 16.3. ve stejn\u00e9m denn\u00edm \u00a0cyklu a ve stejn\u00fdch\u00a0\u010dasech<\/li>\n<li>Ples cyklist\u016f 20.1. 2018 (sobota)<\/li>\n<\/ul>\n","protected":false},"excerpt":{"rendered":"<p>St\u0159eda\u00a018.10. 2017 V Brn\u011b na trat\u00edch u Anthroposu startuj\u00ed Brn\u011bnsk\u00e9 cyklokrosov\u00e9 st\u0159edy. \u00da\u010dast a dopravu si ka\u017ed\u00fd zaji\u0161\u0165uje s\u00e1m, zde mrkn\u011bte na v\u00edce informac\u00ed. \u010ctvrtek 19.10. 2017 Sch\u016fzka veden\u00ed odd\u00edlu s rodi\u010di &#8211; od 18.00 hodin v neku\u0159\u00e1ck\u00e9 \u010d\u00e1sti restaurace Morava Bene\u0161ov. Sobota 21.10. 2017 P\u0159erovsk\u00fd Sportovn\u00ed klub \u0160ela po\u0159\u00e1d\u00e1 ve spolupr\u00e1ci s obc\u00ed Jezernice &hellip; <a href=\"https:\/\/www.moravecteam.cz\/?p=9969\" class=\"more-link\">Pokra\u010dov\u00e1n\u00ed textu <span class=\"screen-reader-text\">Co se bude d\u00edt? (ST42)-2<\/span> <span class=\"meta-nav\">&rarr;<\/span><\/a><\/p>\n","protected":false},"author":3,"featured_media":10000,"comment_status":"open","ping_status":"closed","sticky":false,"template":"","format":"standard","meta":[],"categories":[11],"tags":[],"_links":{"self":[{"href":"https:\/\/www.moravecteam.cz\/index.php?rest_route=\/wp\/v2\/posts\/9969"}],"collection":[{"href":"https:\/\/www.moravecteam.cz\/index.php?rest_route=\/wp\/v2\/posts"}],"about":[{"href":"https:\/\/www.moravecteam.cz\/index.php?rest_route=\/wp\/v2\/types\/post"}],"author":[{"embeddable":true,"href":"https:\/\/www.moravecteam.cz\/index.php?rest_route=\/wp\/v2\/users\/3"}],"replies":[{"embeddable":true,"href":"https:\/\/www.moravecteam.cz\/index.php?rest_route=%2Fwp%2Fv2%2Fcomments&post=9969"}],"version-history":[{"count":8,"href":"https:\/\/www.moravecteam.cz\/index.php?rest_route=\/wp\/v2\/posts\/9969\/revisions"}],"predecessor-version":[{"id":10006,"href":"https:\/\/www.moravecteam.cz\/index.php?rest_route=\/wp\/v2\/posts\/9969\/revisions\/10006"}],"wp:featuredmedia":[{"embeddable":true,"href":"https:\/\/www.moravecteam.cz\/index.php?rest_route=\/wp\/v2\/media\/10000"}],"wp:attachment":[{"href":"https:\/\/www.moravecteam.cz\/index.php?rest_route=%2Fwp%2Fv2%2Fmedia&parent=9969"}],"wp:term":[{"taxonomy":"category","embeddable":true,"href":"https:\/\/www.moravecteam.cz\/index.php?rest_route=%2Fwp%2Fv2%2Fcategories&post=9969"},{"taxonomy":"post_tag","embeddable":true,"href":"https:\/\/www.moravecteam.cz\/index.php?rest_route=%2Fwp%2Fv2%2Ftags&post=9969"}],"curies":[{"name":"wp","href":"https:\/\/api.w.org\/{rel}","templated":true}]}}